{"id":5696,"date":"2018-02-19T00:18:05","date_gmt":"2018-02-18T23:18:05","guid":{"rendered":"http:\/\/ostrowska.tv\/?p=5696"},"modified":"2018-02-19T00:18:05","modified_gmt":"2018-02-18T23:18:05","slug":"pijany-kierowca-bmw-uderzyl-w-inne-bmw","status":"publish","type":"post","link":"https:\/\/ostrowskatv.pl\/?p=5696","title":{"rendered":"Pijany kierowca BMW uderzy\u0142 w inne BMW"},"content":{"rendered":"<p><strong>W niedzielny wiecz\u00f3r na drodze Odolan\u00f3w\u00a0 &#8211; Ostr\u00f3w Wielkopolski zderzy\u0142y sie dwa samoxhody osobowe marki BMW. <\/strong><\/p>\n<p>Kierowca srebrnego BMW jad\u0105c od Odolanowa chcia\u0142 skr\u0119ci\u0107 w lewo w stron\u0119 Gorzyc Ma\u0142ych. Na skrzy\u017cowaniu wyprzedza\u0142o niebieskie BMW. W srebrnym aucie uszkodzony zosta\u0142 lewy bok, a auto sprawcy samo wypad\u0142o z drogi i zjechalo do rowu po prawej stronie.<\/p>\n<p>Niebieskim BMW jecha\u0142a para m\u0142odych ludzi. M\u0119\u017cczyzna uciek\u0142 i schowa\u0142 si\u0119 przy pobliskiej posesji. Po chwili zosta\u0142 odnaleziony przez w\u0142a\u015bciciela domu.<\/p>\n<p>Kobieta mia\u0142a powiedzie\u0107 policjantom, \u017ce jej towarzysz uciek\u0142,\u00a0 gdy\u017c mia\u0142 wyrok\u00a0 w zawieszeniu. Dodatkowo wydmucha\u0142 p\u00f3\u0142tora promila, tlumacz\u0105c si\u0119,\u00a0 \u017ce wypil tylko 3 piwa. Oboje nie mogli zdecydowa\u0107 si\u0119, kt\u00f3re z nich kierowa\u0142o.<\/p>\n<p>Dwie osoby zabrano do szpitala.<\/p>\n<div id='gallery-1' class='gallery galleryid-5696 gallery-columns-3 gallery-size-thumbnail'><figure class='gallery-item'>\n\t\t\t<div class='gallery-icon landscape'>\n\t\t\t\t<a href='https:\/\/ostrowskatv.pl\/?attachment_id=5693'><img loading=\"lazy\" decoding=\"async\" width=\"150\" height=\"150\" src=\"https:\/\/ostrowskatv.pl\/wp-content\/uploads\/2018\/02\/bmwx2_01-150x150.png\" class=\"attachment-thumbnail size-thumbnail\" alt=\"\" \/><\/a>\n\t\t\t<\/div><\/figure><figure class='gallery-item'>\n\t\t\t<div class='gallery-icon landscape'>\n\t\t\t\t<a href='https:\/\/ostrowskatv.pl\/?attachment_id=5694'><img loading=\"lazy\" decoding=\"async\" width=\"150\" height=\"150\" src=\"https:\/\/ostrowskatv.pl\/wp-content\/uploads\/2018\/02\/bmwx2_03-150x150.jpg\" class=\"attachment-thumbnail size-thumbnail\" alt=\"\" \/><\/a>\n\t\t\t<\/div><\/figure><figure class='gallery-item'>\n\t\t\t<div class='gallery-icon landscape'>\n\t\t\t\t<a href='https:\/\/ostrowskatv.pl\/?attachment_id=5695'><img loading=\"lazy\" decoding=\"async\" width=\"150\" height=\"150\" src=\"https:\/\/ostrowskatv.pl\/wp-content\/uploads\/2018\/02\/bmwx2_02-150x150.jpg\" class=\"attachment-thumbnail size-thumbnail\" alt=\"\" \/><\/a>\n\t\t\t<\/div><\/figure>\n\t\t<\/div>\n\n","protected":false},"excerpt":{"rendered":"W niedzielny wiecz\u00f3r na drodze Odolan\u00f3w\u00a0 &#8211; Ostr\u00f3w Wielkopolski zderzy\u0142y sie dwa samoxhody osobowe marki BMW. Kierowca srebrnego BMW jad\u0105c od Odolanowa chcia\u0142 \n<a class=\"moretag\" href=\"https:\/\/ostrowskatv.pl\/?p=5696\"> [...]<\/a>","protected":false},"author":1,"featured_media":5693,"comment_status":"open","ping_status":"open","sticky":false,"template":"","format":"standard","meta":{"footnotes":""},"categories":[1],"tags":[11],"class_list":["post-5696","post","type-post","status-publish","format-standard","has-post-thumbnail","hentry","category-news","tag-wypadek"],"_links":{"self":[{"href":"https:\/\/ostrowskatv.pl\/index.php?rest_route=\/wp\/v2\/posts\/5696","targetHints":{"allow":["GET"]}}],"collection":[{"href":"https:\/\/ostrowskatv.pl\/index.php?rest_route=\/wp\/v2\/posts"}],"about":[{"href":"https:\/\/ostrowskatv.pl\/index.php?rest_route=\/wp\/v2\/types\/post"}],"author":[{"embeddable":true,"href":"https:\/\/ostrowskatv.pl\/index.php?rest_route=\/wp\/v2\/users\/1"}],"replies":[{"embeddable":true,"href":"https:\/\/ostrowskatv.pl\/index.php?rest_route=%2Fwp%2Fv2%2Fcomments&post=5696"}],"version-history":[{"count":0,"href":"https:\/\/ostrowskatv.pl\/index.php?rest_route=\/wp\/v2\/posts\/5696\/revisions"}],"wp:featuredmedia":[{"embeddable":true,"href":"https:\/\/ostrowskatv.pl\/index.php?rest_route=\/wp\/v2\/media\/5693"}],"wp:attachment":[{"href":"https:\/\/ostrowskatv.pl\/index.php?rest_route=%2Fwp%2Fv2%2Fmedia&parent=5696"}],"wp:term":[{"taxonomy":"category","embeddable":true,"href":"https:\/\/ostrowskatv.pl\/index.php?rest_route=%2Fwp%2Fv2%2Fcategories&post=5696"},{"taxonomy":"post_tag","embeddable":true,"href":"https:\/\/ostrowskatv.pl\/index.php?rest_route=%2Fwp%2Fv2%2Ftags&post=5696"}],"curies":[{"name":"wp","href":"https:\/\/api.w.org\/{rel}","templated":true}]}}