{"id":567,"date":"2016-03-14T09:29:45","date_gmt":"2016-03-14T08:29:45","guid":{"rendered":"http:\/\/ostrowska.tv\/?p=567"},"modified":"2016-03-14T09:29:45","modified_gmt":"2016-03-14T08:29:45","slug":"beda-miejskie-dni-ziemi","status":"publish","type":"post","link":"https:\/\/ostrowskatv.pl\/?p=567","title":{"rendered":"B\u0119d\u0105 Miejskie Dni Ziemi?"},"content":{"rendered":"<p><strong>Podczas ostatniej Sesji Rady Miejskiej radna Aleksandra Zuchowska zapyta\u0142a o stanowisko w\u0142adz miasta w sprawie organizacji Miejskich Obchod\u00f3w Dnia Ziemi. Czy dojd\u0105 one do skutku?<\/strong><\/p>\n<p>{openx:1}<\/p>\n<p>W\u0142adze miasta pomys\u0142 radnej zainteresowa\u0142. Dosz\u0142o w tej sprawie do spotkania.<\/p>\n<blockquote><p>&#8211; Zaproponowany przez pani\u0105 radn\u0105 Aleksandr\u0119 Zuchowsk\u0105 pomys\u0142 jest bardzo interesuj\u0105cy, tym bardziej, \u017ce tegoroczne has\u0142o \u015awiatowego Dnia Ziemi 2016 brzmi \u201ePal\u0105cy temat \u2013 niska emisja\u201d. Jest to kwestia bardzo istotna dla obecnych w\u0142adz miasta \u2013 informuje nas Artur Ko\u0142aci\u0144ski z Biura Prasowego Urz\u0119du Miejskiego w Ostrowie Wielkopolskim.<\/p><\/blockquote>\n<p>Prezydent Beata Klimek regularnie podkre\u015bla, \u017ce jednym z priorytet\u00f3w w obecnej kadencji jest podj\u0119cie dzia\u0142a\u0144, kt\u00f3re maj\u0105 wp\u0142yn\u0105\u0107 na popraw\u0119 jako\u015bci powietrza w Ostrowie Wielkopolskim.<\/p>\n<blockquote><p>&#8211; W roku 2015 podj\u0119te zosta\u0142y uchwa\u0142y: o udzielaniu dotacji celowej na dofinansowanie wymiany system\u00f3w ogrzewania w\u0119glowego na ekologiczne \u017ar\u00f3d\u0142a ciep\u0142a w 2015 roku, czy przyj\u0119cie Planu Gospodarki Niskoemisyjnej dla Miasta Ostrowa Wielkopolskiego \u2013 wymienia Artur Ko\u0142aci\u0144ski z Urz\u0119du Miejskiego.<\/p><\/blockquote>\n<p>Wiadomo jednak, \u017ce w tym roku pomys\u0142 radnej nie zostanie wcielony w \u017cycie.<\/p>\n<blockquote><p>&#8211; Zaproponowana przez pani\u0105 radn\u0105 inicjatywa zorganizowania \u201eMiejskich Obchod\u00f3w Dnia Ziemi\u201d, jako imprezy og\u00f3lnomiejskiej zostanie uwzgl\u0119dniona przy tworzeniu kalendarza imprez ekologicznych w kolejnych latach, tak, by \u015brodki na jej zorganizowanie mog\u0142y zosta\u0107 zaplanowane w miejskim bud\u017cecie. W tym roku ostrowski Urz\u0105d Miejski wesprze jednak organizacyjnie dzia\u0142ania Rady Osiedla Pru\u015blin w przygotowaniu imprezy edukacyjno &#8211; ekologicznej zwi\u0105zanej z obchodami \u015awiatowego Dnia Ziemi. Pierwsze spotkanie organizacyjne w tej sprawie zaplanowane zosta\u0142o na przysz\u0142y tydzie\u0144 \u2013 wyja\u015bnia Artur Ko\u0142aci\u0144ski.<\/p><\/blockquote>\n<p>Przypomnijmy, \u017ce dzia\u0142ania prezydent miasta w kwestii poprawy jako\u015bci powietrza s\u0105 regularnie krytykowane przez klub radnych Platformy Obywatelskiej. Na brak konsekwencji ju\u017c wcze\u015bniej wskazywa\u0142 Andrzej Kornaszewski, kt\u00f3ry twierdzi\u0142, \u017ce z jednej strony miasto przyj\u0119\u0142o Plan Gospodarki Niskoemisyjnej, a z drugiej zdecydowa\u0142o si\u0119 na zamontowanie ponad 40 piec\u00f3w w\u0119glowych w dw\u00f3ch budynkach socjalnych. Beata Klimek t\u0142umaczy\u0142a jednak, \u017ce by\u0142o to jedyne rozs\u0105dne wyj\u015bcie, kt\u00f3re pozwoli\u0142o ubogim rodzinom przetrwa\u0107 w okresie zimowym. W\u0142adze miasta zapowiadaj\u0105 tak\u017ce dzia\u0142ania na 2016 rok, g\u0142\u00f3wnie akcje i konkursy ekologiczne, kt\u00f3re maj\u0105 propagowa\u0107 postawy proekologiczne.<\/p>\n<p>Je\u015bli chodzi akcje edukacyjne, na rok 2016 zosta\u0142y zaplanowane akcje i konkursy ekologiczne:<br \/>\n1. Konkurs plastyczny z okazji \u201eDnia dokarmiania zwierzyny le\u015bnej\u201d<br \/>\n2. majOSTaszki \u2013 konkurs polegaj\u0105cy na zbieraniu surowc\u00f3w wt\u00f3rnych przez ostrowskie plac\u00f3wki o\u015bwiatowe we wsp\u00f3\u0142pracy z ZOiGO \u201eMZO\u201d S.A. w Ostrowie Wielkopolskim oraz akcja \u201eDrzewka za butelki\u201d<br \/>\n3. Akcja \u201eListy dla Ziemi\u201d<br \/>\n4. Akcja \u201eOstrowski Dzie\u0144 Recyklingu\u201d<br \/>\n5. Akcja \u201eSprz\u0105tanie \u015awiata \u2013 Polska 2016\u201d<br \/>\n6. Konkurs powiatowy \u201eRegion, w kt\u00f3rym mieszkasz\u201d we wsp\u00f3\u0142pracy ze Szko\u0142\u0105 Podstawow\u0105 nr 5 w Ostrowie Wielkopolskim oraz Nadle\u015bnictwem Antonin<br \/>\n7. Akcja \u201eDzie\u0144 bez samochodu\u201d we wsp\u00f3\u0142pracy ze \u201eStowarzyszeniem ReEwolucja\u201d<br \/>\n8. Akcja \u201e\u015awi\u0119to Drzewa\u201d<br \/>\n9. Konkurs plastyczny z okazji \u201eDnia czystego powietrza\u201d<\/p>\n<p>Ponadto w\u015br\u00f3d licznych akcji edukacyjnych w 2016 roku planowane jest r\u00f3wnie\u017c przeprowadzenie kampanii spo\u0142eczno \u2013 edukacyjnej pn. \u201eOSTR\u00d3W smogowi m\u00f3wi NIE\u201d.<\/p>\n","protected":false},"excerpt":{"rendered":"Podczas ostatniej Sesji Rady Miejskiej radna Aleksandra Zuchowska zapyta\u0142a o stanowisko w\u0142adz miasta w sprawie organizacji Miejskich Obchod\u00f3w Dnia Ziemi. Czy dojd\u0105 one \n<a class=\"moretag\" href=\"https:\/\/ostrowskatv.pl\/?p=567\"> [...]<\/a>","protected":false},"author":1,"featured_media":568,"comment_status":"open","ping_status":"open","sticky":false,"template":"","format":"standard","meta":{"footnotes":""},"categories":[1],"tags":[64],"class_list":["post-567","post","type-post","status-publish","format-standard","has-post-thumbnail","hentry","category-news","tag-ekologia"],"_links":{"self":[{"href":"https:\/\/ostrowskatv.pl\/index.php?rest_route=\/wp\/v2\/posts\/567","targetHints":{"allow":["GET"]}}],"collection":[{"href":"https:\/\/ostrowskatv.pl\/index.php?rest_route=\/wp\/v2\/posts"}],"about":[{"href":"https:\/\/ostrowskatv.pl\/index.php?rest_route=\/wp\/v2\/types\/post"}],"author":[{"embeddable":true,"href":"https:\/\/ostrowskatv.pl\/index.php?rest_route=\/wp\/v2\/users\/1"}],"replies":[{"embeddable":true,"href":"https:\/\/ostrowskatv.pl\/index.php?rest_route=%2Fwp%2Fv2%2Fcomments&post=567"}],"version-history":[{"count":0,"href":"https:\/\/ostrowskatv.pl\/index.php?rest_route=\/wp\/v2\/posts\/567\/revisions"}],"wp:featuredmedia":[{"embeddable":true,"href":"https:\/\/ostrowskatv.pl\/index.php?rest_route=\/wp\/v2\/media\/568"}],"wp:attachment":[{"href":"https:\/\/ostrowskatv.pl\/index.php?rest_route=%2Fwp%2Fv2%2Fmedia&parent=567"}],"wp:term":[{"taxonomy":"category","embeddable":true,"href":"https:\/\/ostrowskatv.pl\/index.php?rest_route=%2Fwp%2Fv2%2Fcategories&post=567"},{"taxonomy":"post_tag","embeddable":true,"href":"https:\/\/ostrowskatv.pl\/index.php?rest_route=%2Fwp%2Fv2%2Ftags&post=567"}],"curies":[{"name":"wp","href":"https:\/\/api.w.org\/{rel}","templated":true}]}}