{"id":564,"date":"2016-03-12T20:23:45","date_gmt":"2016-03-12T19:23:45","guid":{"rendered":"http:\/\/ostrowska.tv\/?p=564"},"modified":"2016-03-12T20:23:45","modified_gmt":"2016-03-12T19:23:45","slug":"propozycja-radnego-nie-przejdzie-podzial-kina-komedy-niemozliwy","status":"publish","type":"post","link":"https:\/\/ostrowskatv.pl\/?p=564","title":{"rendered":"Propozycja radnego nie przejdzie. Podzia\u0142 kina Komedy niemo\u017cliwy"},"content":{"rendered":"<p><strong>Radny Jakub Paduch pyta\u0142 w\u0142adze miasta, czy mo\u017cliwy jest taki podzia\u0142 budynku, kt\u00f3ry pozwoli\u0142by miastu sta\u0107 si\u0119 w\u0142a\u015bcicielem kina Komeda w 100 proc., bez wykupywania udzia\u0142\u00f3w w budynku. Wtedy realne sta\u0142oby si\u0119 pozyskiwanie \u015brodk\u00f3w zewn\u0119trznych.<\/strong><\/p>\n<p>Miasto przeanalizowa\u0142o temat i przedstawi\u0142o ju\u017c w tej sprawie odpowied\u017a. &#8211; Miasto jest udzia\u0142owcem w cz\u0119\u015bci 73\/100 nieruchomo\u015bci. Pozosta\u0142a cz\u0119\u015b\u0107 stanowi udzia\u0142 os\u00f3b prywatnych, kt\u00f3re maj\u0105 wyodr\u0119bnione dwa lokale u\u017cytkowe, przeznaczone do prowadzenia dzia\u0142alno\u015bci gospodarczej, celem generowania przychod\u00f3w. Wobec tego Urz\u0105d Marsza\u0142kowski stwierdzi\u0142: \u201eostrowskie Kino Komeda 3D nie jest budynkiem u\u017cyteczno\u015bci publicznej i tym samym nie wpisuje si\u0119 w zakres wsparcia WRPO 2014+\u201d &#8211; wyja\u015bnia nam Artur Ko\u0142aci\u0144ski z Biura Prasowego Urz\u0119du Miejskiego w Ostrowie Wielkopolskim.<\/p>\n<p>Z opinii wydanych przez merytoryczne wydzia\u0142y: Kultury i Sztuki oraz Administracji Przestrzennej Urz\u0119du Miejskiego w Ostrowie Wielkopolskim wynika, \u017ce zgodnie z ewidencj\u0105 gruntu omawianej dzia\u0142ki jej w\u0142a\u015bcicielem jest Wojew\u00f3dztwo Wielkopolskie, natomiast u\u017cytkownikami wieczystymi Gmina Miasto Ostr\u00f3w Wielkopolski (73\/100 cz\u0119\u015bci) oraz podmioty prywatne \u2013 w 20\/100 cz\u0119\u015bci oraz kolejna w 7\/100 cz\u0119\u015bci.<\/p>\n<p>&#8211; Zgodnie z powy\u017cszym podzia\u0142 nast\u0105pi\u0142 z chwil\u0105 sprzeda\u017cy lokali wraz z u\u0142amkow\u0105 cz\u0119\u015bci\u0105 do gruntu. O ile cz\u0119\u015b\u0107 restauracyjna stanowi odr\u0119bn\u0105 ca\u0142o\u015b\u0107 przypisan\u0105 konkretnej dzia\u0142ce\/cz\u0119\u015bci dzia\u0142ki, to powierzchnia zagospodarowana przez salon sukien \u015blubnych jest wkomponowana w kubatur\u0119 budynku Kina Komeda. St\u0105d nie ma mo\u017cliwo\u015bci wyodr\u0119bnienia\/wydzielenia jej jako odr\u0119bnej bry\u0142y tych pomieszcze\u0144. Jedyn\u0105 mo\u017cliwo\u015bci\u0105 by\u0142oby wykupienie drugiego z wymienionych lokali przez Gmin\u0119 Miasto Ostr\u00f3w Wielkopolski \u2013 wyja\u015bnia nam Artur Ko\u0142aci\u0144ski z Urz\u0119du Miejskiego w Ostrowie Wielkopolskim.<\/p>\n","protected":false},"excerpt":{"rendered":"Radny Jakub Paduch pyta\u0142 w\u0142adze miasta, czy mo\u017cliwy jest taki podzia\u0142 budynku, kt\u00f3ry pozwoli\u0142by miastu sta\u0107 si\u0119 w\u0142a\u015bcicielem kina Komeda w 100 proc., \n<a class=\"moretag\" href=\"https:\/\/ostrowskatv.pl\/?p=564\"> [...]<\/a>","protected":false},"author":1,"featured_media":261,"comment_status":"open","ping_status":"open","sticky":false,"template":"","format":"standard","meta":{"footnotes":""},"categories":[1],"tags":[14],"class_list":["post-564","post","type-post","status-publish","format-standard","has-post-thumbnail","hentry","category-news","tag-kino"],"_links":{"self":[{"href":"https:\/\/ostrowskatv.pl\/index.php?rest_route=\/wp\/v2\/posts\/564","targetHints":{"allow":["GET"]}}],"collection":[{"href":"https:\/\/ostrowskatv.pl\/index.php?rest_route=\/wp\/v2\/posts"}],"about":[{"href":"https:\/\/ostrowskatv.pl\/index.php?rest_route=\/wp\/v2\/types\/post"}],"author":[{"embeddable":true,"href":"https:\/\/ostrowskatv.pl\/index.php?rest_route=\/wp\/v2\/users\/1"}],"replies":[{"embeddable":true,"href":"https:\/\/ostrowskatv.pl\/index.php?rest_route=%2Fwp%2Fv2%2Fcomments&post=564"}],"version-history":[{"count":0,"href":"https:\/\/ostrowskatv.pl\/index.php?rest_route=\/wp\/v2\/posts\/564\/revisions"}],"wp:featuredmedia":[{"embeddable":true,"href":"https:\/\/ostrowskatv.pl\/index.php?rest_route=\/wp\/v2\/media\/261"}],"wp:attachment":[{"href":"https:\/\/ostrowskatv.pl\/index.php?rest_route=%2Fwp%2Fv2%2Fmedia&parent=564"}],"wp:term":[{"taxonomy":"category","embeddable":true,"href":"https:\/\/ostrowskatv.pl\/index.php?rest_route=%2Fwp%2Fv2%2Fcategories&post=564"},{"taxonomy":"post_tag","embeddable":true,"href":"https:\/\/ostrowskatv.pl\/index.php?rest_route=%2Fwp%2Fv2%2Ftags&post=564"}],"curies":[{"name":"wp","href":"https:\/\/api.w.org\/{rel}","templated":true}]}}