{"id":5625,"date":"2018-02-07T13:53:55","date_gmt":"2018-02-07T12:53:55","guid":{"rendered":"http:\/\/ostrowska.tv\/?p=5625"},"modified":"2018-02-07T16:22:31","modified_gmt":"2018-02-07T15:22:31","slug":"mezczyzna-splonal-na-olszynowej","status":"publish","type":"post","link":"https:\/\/ostrowskatv.pl\/?p=5625","title":{"rendered":"M\u0119\u017cczyzna sp\u0142on\u0105\u0142 na Olszynowej (aktualizacja)"},"content":{"rendered":"<p><strong>W \u015brod\u0119\u00a0 oko\u0142o\u00a0 godz. 13:30 zauwa\u017cono po\u017car w mieszkaniu socjalnym przy ul. Olszynowej. Na miejsce zadysponowano 4 wozy bojowe, drabin\u0119, pogotowie ratunkowe, energetyk\u0119 i policj\u0119. Stra\u017cacy w aparatach ochrony dr\u00f3g oddechowych weszli do \u015brodka gasz\u0105c p\u0142omienie. Ca\u0142e mieszkanie by\u0142o zaj\u0119te ogniem.\u00a0<\/strong><\/p>\n<p>Po przewietrzeniu znaleziono spalone cia\u0142o 56-letniego m\u0119\u017cczyzny siedz\u0105cego na fotelu. Najprawdopodobniej zasn\u0105\u0142 z papierosem co doprowadzi\u0142o do zap\u0142onu. W listopadzie 2016 r. r\u00f3wnie\u017c by\u0142 tu po\u017car. W\u00f3wczas zapali\u0142 si\u0119 t\u0142uszcz na patelni. M\u0119\u017cczyzn\u0119 uratowa\u0142 s\u0105siad. Tym razem jeden z s\u0105siad\u00f3w dozna\u0142 lekkich oparze\u0144 twarzy, a drugi uszkodzi\u0142 sobie r\u0119k\u0119 rozwalaj\u0105c skrzynk\u0119 energetyczn\u0105 w celu wy\u0142\u0105czenia pr\u0105du.<\/p>\n<div id='gallery-1' class='gallery galleryid-5625 gallery-columns-3 gallery-size-thumbnail'><figure class='gallery-item'>\n\t\t\t<div class='gallery-icon landscape'>\n\t\t\t\t<a href='https:\/\/ostrowskatv.pl\/?attachment_id=5630'><img loading=\"lazy\" decoding=\"async\" width=\"150\" height=\"150\" src=\"https:\/\/ostrowskatv.pl\/wp-content\/uploads\/2018\/02\/20180207_133304-150x150.jpg\" class=\"attachment-thumbnail size-thumbnail\" alt=\"\" \/><\/a>\n\t\t\t<\/div><\/figure><figure class='gallery-item'>\n\t\t\t<div class='gallery-icon landscape'>\n\t\t\t\t<a href='https:\/\/ostrowskatv.pl\/?attachment_id=5631'><img loading=\"lazy\" decoding=\"async\" width=\"150\" height=\"150\" src=\"https:\/\/ostrowskatv.pl\/wp-content\/uploads\/2018\/02\/20180207_133450-150x150.jpg\" class=\"attachment-thumbnail size-thumbnail\" alt=\"\" \/><\/a>\n\t\t\t<\/div><\/figure><figure class='gallery-item'>\n\t\t\t<div class='gallery-icon landscape'>\n\t\t\t\t<a href='https:\/\/ostrowskatv.pl\/?attachment_id=5632'><img loading=\"lazy\" decoding=\"async\" width=\"150\" height=\"150\" src=\"https:\/\/ostrowskatv.pl\/wp-content\/uploads\/2018\/02\/20180207_134501-150x150.jpg\" class=\"attachment-thumbnail size-thumbnail\" alt=\"\" \/><\/a>\n\t\t\t<\/div><\/figure><figure class='gallery-item'>\n\t\t\t<div class='gallery-icon landscape'>\n\t\t\t\t<a href='https:\/\/ostrowskatv.pl\/?attachment_id=5633'><img loading=\"lazy\" decoding=\"async\" width=\"150\" height=\"150\" src=\"https:\/\/ostrowskatv.pl\/wp-content\/uploads\/2018\/02\/20180207_133403-150x150.jpg\" class=\"attachment-thumbnail size-thumbnail\" alt=\"\" \/><\/a>\n\t\t\t<\/div><\/figure><figure class='gallery-item'>\n\t\t\t<div class='gallery-icon landscape'>\n\t\t\t\t<a href='https:\/\/ostrowskatv.pl\/?attachment_id=5626'><img loading=\"lazy\" decoding=\"async\" width=\"150\" height=\"150\" src=\"https:\/\/ostrowskatv.pl\/wp-content\/uploads\/2018\/02\/pozar-olszynowa-150x150.jpg\" class=\"attachment-thumbnail size-thumbnail\" alt=\"\" \/><\/a>\n\t\t\t<\/div><\/figure>\n\t\t<\/div>\n\n<p>&nbsp;<\/p>\n","protected":false},"excerpt":{"rendered":"W \u015brod\u0119\u00a0 oko\u0142o\u00a0 godz. 13:30 zauwa\u017cono po\u017car w mieszkaniu socjalnym przy ul. Olszynowej. Na miejsce zadysponowano 4 wozy bojowe, drabin\u0119, pogotowie ratunkowe, energetyk\u0119 \n<a class=\"moretag\" href=\"https:\/\/ostrowskatv.pl\/?p=5625\"> [...]<\/a>","protected":false},"author":1,"featured_media":5626,"comment_status":"open","ping_status":"open","sticky":false,"template":"","format":"standard","meta":{"footnotes":""},"categories":[1],"tags":[2],"class_list":["post-5625","post","type-post","status-publish","format-standard","has-post-thumbnail","hentry","category-news","tag-ostrow-wielkopolski"],"_links":{"self":[{"href":"https:\/\/ostrowskatv.pl\/index.php?rest_route=\/wp\/v2\/posts\/5625","targetHints":{"allow":["GET"]}}],"collection":[{"href":"https:\/\/ostrowskatv.pl\/index.php?rest_route=\/wp\/v2\/posts"}],"about":[{"href":"https:\/\/ostrowskatv.pl\/index.php?rest_route=\/wp\/v2\/types\/post"}],"author":[{"embeddable":true,"href":"https:\/\/ostrowskatv.pl\/index.php?rest_route=\/wp\/v2\/users\/1"}],"replies":[{"embeddable":true,"href":"https:\/\/ostrowskatv.pl\/index.php?rest_route=%2Fwp%2Fv2%2Fcomments&post=5625"}],"version-history":[{"count":0,"href":"https:\/\/ostrowskatv.pl\/index.php?rest_route=\/wp\/v2\/posts\/5625\/revisions"}],"wp:featuredmedia":[{"embeddable":true,"href":"https:\/\/ostrowskatv.pl\/index.php?rest_route=\/wp\/v2\/media\/5626"}],"wp:attachment":[{"href":"https:\/\/ostrowskatv.pl\/index.php?rest_route=%2Fwp%2Fv2%2Fmedia&parent=5625"}],"wp:term":[{"taxonomy":"category","embeddable":true,"href":"https:\/\/ostrowskatv.pl\/index.php?rest_route=%2Fwp%2Fv2%2Fcategories&post=5625"},{"taxonomy":"post_tag","embeddable":true,"href":"https:\/\/ostrowskatv.pl\/index.php?rest_route=%2Fwp%2Fv2%2Ftags&post=5625"}],"curies":[{"name":"wp","href":"https:\/\/api.w.org\/{rel}","templated":true}]}}