{"id":5621,"date":"2018-02-06T21:43:29","date_gmt":"2018-02-06T20:43:29","guid":{"rendered":"http:\/\/ostrowska.tv\/?p=5621"},"modified":"2018-02-06T21:43:29","modified_gmt":"2018-02-06T20:43:29","slug":"wjechal-w-tyl-i-uciekl-mial-3-promile","status":"publish","type":"post","link":"https:\/\/ostrowskatv.pl\/?p=5621","title":{"rendered":"Wjecha\u0142 w ty\u0142 i uciek\u0142. Mia\u0142 3 promile"},"content":{"rendered":"<p><strong>W ubieg\u0142y pi\u0105tek, 2 lutego, na ul. Limanowskiego w Ostrowie Wielkopolskim dosz\u0142o do zdarzenia drogowego, gdzie jeden z kieruj\u0105cych oddali\u0142 si\u0119 z miejsca zdarzenia. Policjanci na miejscu ustalili, \u017ce do zdarzenia dosz\u0142o na skutek niezachowania bezpiecznej odleg\u0142o\u015bci od poprzedzaj\u0105cego pojazdu. <\/strong><\/p>\n<p>Po zdarzeniu m\u0119\u017cczyzna oddali\u0142 si\u0119. Policjanci ustalili i zatrzymali kieruj\u0105cego. Okaza\u0142 si\u0119 nim 44-latek. M\u0119\u017cczyzna w chwili zatrzymania by\u0142 nietrze\u017awy, mia\u0142 ponad 3 promile alkoholu. M\u0119\u017cczyzna us\u0142ysza\u0142 zarzuty kierowania w stanie nietrze\u017awo\u015bci. Policjanci zatrzymali m\u0119\u017cczy\u017anie prawo jazdy.<\/p>\n<div id='gallery-1' class='gallery galleryid-5621 gallery-columns-3 gallery-size-thumbnail'><figure class='gallery-item'>\n\t\t\t<div class='gallery-icon landscape'>\n\t\t\t\t<a href='https:\/\/ostrowskatv.pl\/?attachment_id=5622'><img loading=\"lazy\" decoding=\"async\" width=\"150\" height=\"150\" src=\"https:\/\/ostrowskatv.pl\/wp-content\/uploads\/2018\/02\/limanowskiego_pijany_2-150x150.jpg\" class=\"attachment-thumbnail size-thumbnail\" alt=\"\" \/><\/a>\n\t\t\t<\/div><\/figure><figure class='gallery-item'>\n\t\t\t<div class='gallery-icon landscape'>\n\t\t\t\t<a href='https:\/\/ostrowskatv.pl\/?attachment_id=5623'><img loading=\"lazy\" decoding=\"async\" width=\"150\" height=\"150\" src=\"https:\/\/ostrowskatv.pl\/wp-content\/uploads\/2018\/02\/limanowskiego_pijany-150x150.jpg\" class=\"attachment-thumbnail size-thumbnail\" alt=\"\" \/><\/a>\n\t\t\t<\/div><\/figure>\n\t\t<\/div>\n\n","protected":false},"excerpt":{"rendered":"W ubieg\u0142y pi\u0105tek, 2 lutego, na ul. Limanowskiego w Ostrowie Wielkopolskim dosz\u0142o do zdarzenia drogowego, gdzie jeden z kieruj\u0105cych oddali\u0142 si\u0119 z miejsca \n<a class=\"moretag\" href=\"https:\/\/ostrowskatv.pl\/?p=5621\"> [...]<\/a>","protected":false},"author":1,"featured_media":5622,"comment_status":"open","ping_status":"open","sticky":false,"template":"","format":"standard","meta":{"footnotes":""},"categories":[1],"tags":[2],"class_list":["post-5621","post","type-post","status-publish","format-standard","has-post-thumbnail","hentry","category-news","tag-ostrow-wielkopolski"],"_links":{"self":[{"href":"https:\/\/ostrowskatv.pl\/index.php?rest_route=\/wp\/v2\/posts\/5621","targetHints":{"allow":["GET"]}}],"collection":[{"href":"https:\/\/ostrowskatv.pl\/index.php?rest_route=\/wp\/v2\/posts"}],"about":[{"href":"https:\/\/ostrowskatv.pl\/index.php?rest_route=\/wp\/v2\/types\/post"}],"author":[{"embeddable":true,"href":"https:\/\/ostrowskatv.pl\/index.php?rest_route=\/wp\/v2\/users\/1"}],"replies":[{"embeddable":true,"href":"https:\/\/ostrowskatv.pl\/index.php?rest_route=%2Fwp%2Fv2%2Fcomments&post=5621"}],"version-history":[{"count":0,"href":"https:\/\/ostrowskatv.pl\/index.php?rest_route=\/wp\/v2\/posts\/5621\/revisions"}],"wp:featuredmedia":[{"embeddable":true,"href":"https:\/\/ostrowskatv.pl\/index.php?rest_route=\/wp\/v2\/media\/5622"}],"wp:attachment":[{"href":"https:\/\/ostrowskatv.pl\/index.php?rest_route=%2Fwp%2Fv2%2Fmedia&parent=5621"}],"wp:term":[{"taxonomy":"category","embeddable":true,"href":"https:\/\/ostrowskatv.pl\/index.php?rest_route=%2Fwp%2Fv2%2Fcategories&post=5621"},{"taxonomy":"post_tag","embeddable":true,"href":"https:\/\/ostrowskatv.pl\/index.php?rest_route=%2Fwp%2Fv2%2Ftags&post=5621"}],"curies":[{"name":"wp","href":"https:\/\/api.w.org\/{rel}","templated":true}]}}