{"id":5607,"date":"2018-02-06T12:19:39","date_gmt":"2018-02-06T11:19:39","guid":{"rendered":"http:\/\/ostrowska.tv\/?p=5607"},"modified":"2018-02-06T12:22:09","modified_gmt":"2018-02-06T11:22:09","slug":"wypadek-na-wiadukcie","status":"publish","type":"post","link":"https:\/\/ostrowskatv.pl\/?p=5607","title":{"rendered":"Czo\u0142owe zderzenie na wiadukcie"},"content":{"rendered":"<p><strong>Po godzinie 16:00 w poniedzia\u0142ek dosz\u0142o do czo\u0142owego zderzenia si\u0119 dw\u00f3ch aut. Wypadek mia\u0142 miejsce nad obwodnic\u0105 Skalmierzyc (droga na Boczk\u00f3w). Kieruj\u0105ca Seatem Ibiz\u0105 wyje\u017cd\u017caj\u0105c z bocznej drogi na wiadukt, zjecha\u0142a na przeciwny pas ruchu, gdzie uderzy\u0142a czo\u0142owo w busa.<\/strong><\/p>\n<p>W wyniku odpalenia si\u0119 poduszek powietrznych, dwie kobiety podr\u00f3\u017cuj\u0105ce samochodem osobowym trafi\u0142y do ostrowskiego szpitala. Nie stwierdzono u nich powa\u017cniejszych obra\u017ce\u0144.<\/p>\n<div id='gallery-1' class='gallery galleryid-5607 gallery-columns-3 gallery-size-thumbnail'><figure class='gallery-item'>\n\t\t\t<div class='gallery-icon landscape'>\n\t\t\t\t<a href='https:\/\/ostrowskatv.pl\/?attachment_id=5608'><img loading=\"lazy\" decoding=\"async\" width=\"150\" height=\"150\" src=\"https:\/\/ostrowskatv.pl\/wp-content\/uploads\/2018\/02\/wiadukt-boczkow-3-150x150.jpg\" class=\"attachment-thumbnail size-thumbnail\" alt=\"\" \/><\/a>\n\t\t\t<\/div><\/figure><figure class='gallery-item'>\n\t\t\t<div class='gallery-icon landscape'>\n\t\t\t\t<a href='https:\/\/ostrowskatv.pl\/?attachment_id=5609'><img loading=\"lazy\" decoding=\"async\" width=\"150\" height=\"150\" src=\"https:\/\/ostrowskatv.pl\/wp-content\/uploads\/2018\/02\/wiadukt-boczkow-2-150x150.jpg\" class=\"attachment-thumbnail size-thumbnail\" alt=\"\" \/><\/a>\n\t\t\t<\/div><\/figure><figure class='gallery-item'>\n\t\t\t<div class='gallery-icon landscape'>\n\t\t\t\t<a href='https:\/\/ostrowskatv.pl\/?attachment_id=5610'><img loading=\"lazy\" decoding=\"async\" width=\"150\" height=\"150\" src=\"https:\/\/ostrowskatv.pl\/wp-content\/uploads\/2018\/02\/wiadukt-boczkow-1-150x150.jpg\" class=\"attachment-thumbnail size-thumbnail\" alt=\"\" \/><\/a>\n\t\t\t<\/div><\/figure>\n\t\t<\/div>\n\n<p><iframe loading=\"lazy\" src=\"https:\/\/www.google.com\/maps\/embed?pb=!4v1517916109274!6m8!1m7!1sVl-6PCRUcw3D3xn6_5vAKw!2m2!1d51.71833123892916!2d17.986924930651!3f192.31749237784737!4f-11.21477363906277!5f0.7820865974627469\" width=\"600\" height=\"450\" frameborder=\"0\" style=\"border:0\" allowfullscreen><\/iframe><\/p>\n","protected":false},"excerpt":{"rendered":"Po godzinie 16:00 w poniedzia\u0142ek dosz\u0142o do czo\u0142owego zderzenia si\u0119 dw\u00f3ch aut. Wypadek mia\u0142 miejsce nad obwodnic\u0105 Skalmierzyc (droga na Boczk\u00f3w). Kieruj\u0105ca Seatem \n<a class=\"moretag\" href=\"https:\/\/ostrowskatv.pl\/?p=5607\"> [...]<\/a>","protected":false},"author":1,"featured_media":5608,"comment_status":"open","ping_status":"open","sticky":false,"template":"","format":"standard","meta":{"footnotes":""},"categories":[1],"tags":[61],"class_list":["post-5607","post","type-post","status-publish","format-standard","has-post-thumbnail","hentry","category-news","tag-nowe-skalmierzyce"],"_links":{"self":[{"href":"https:\/\/ostrowskatv.pl\/index.php?rest_route=\/wp\/v2\/posts\/5607","targetHints":{"allow":["GET"]}}],"collection":[{"href":"https:\/\/ostrowskatv.pl\/index.php?rest_route=\/wp\/v2\/posts"}],"about":[{"href":"https:\/\/ostrowskatv.pl\/index.php?rest_route=\/wp\/v2\/types\/post"}],"author":[{"embeddable":true,"href":"https:\/\/ostrowskatv.pl\/index.php?rest_route=\/wp\/v2\/users\/1"}],"replies":[{"embeddable":true,"href":"https:\/\/ostrowskatv.pl\/index.php?rest_route=%2Fwp%2Fv2%2Fcomments&post=5607"}],"version-history":[{"count":0,"href":"https:\/\/ostrowskatv.pl\/index.php?rest_route=\/wp\/v2\/posts\/5607\/revisions"}],"wp:featuredmedia":[{"embeddable":true,"href":"https:\/\/ostrowskatv.pl\/index.php?rest_route=\/wp\/v2\/media\/5608"}],"wp:attachment":[{"href":"https:\/\/ostrowskatv.pl\/index.php?rest_route=%2Fwp%2Fv2%2Fmedia&parent=5607"}],"wp:term":[{"taxonomy":"category","embeddable":true,"href":"https:\/\/ostrowskatv.pl\/index.php?rest_route=%2Fwp%2Fv2%2Fcategories&post=5607"},{"taxonomy":"post_tag","embeddable":true,"href":"https:\/\/ostrowskatv.pl\/index.php?rest_route=%2Fwp%2Fv2%2Ftags&post=5607"}],"curies":[{"name":"wp","href":"https:\/\/api.w.org\/{rel}","templated":true}]}}