{"id":5604,"date":"2018-02-05T15:48:44","date_gmt":"2018-02-05T14:48:44","guid":{"rendered":"http:\/\/ostrowska.tv\/?p=5604"},"modified":"2018-02-05T15:48:44","modified_gmt":"2018-02-05T14:48:44","slug":"w-areszcie-sledczym-usunieto-kaloryfery","status":"publish","type":"post","link":"https:\/\/ostrowskatv.pl\/?p=5604","title":{"rendered":"W areszcie \u015bledczym usuni\u0119to kaloryfery"},"content":{"rendered":"<p><strong>Osadzeni w ostrowskim areszcie b\u0119d\u0105 korzysta\u0107 z ciep\u0142a niepochodz\u0105cego, tak jak do tej pory, z kaloryfer\u00f3w. Jest to pierwsza jednostka penitencjarna wyposa\u017cona w system rekuperacji &#8211; wentylacji mechanicznej z odzyskiem ciep\u0142a. <\/strong><\/p>\n<p>Budynek Aresztu \u015aledczego w Ostrowie Wlkp. przeszed\u0142 gruntown\u0105 termomodernizacj\u0119. Cele zosta\u0142y pozbawione kaloryfer\u00f3w. Na \u015bcianach po\u0142o\u017cono izolacj\u0119. Natomiast na dachu zamontowano specjalne urz\u0105dzenia do mechanicznej wentylacji.<\/p>\n<p>Inwestycja kosztowa\u0142a 2 miliony z\u0142otych. Pieni\u0105dze pochodzi\u0142y z Narodowego Funduszu Ochrony \u015arodowiska. Wed\u0142ug wylicze\u0144, inwestycja powinna si\u0119 zwr\u00f3ci\u0107 w ci\u0105gu 10 lat. W budynku przebywa 250 aresztowanych os\u00f3b.<\/p>\n","protected":false},"excerpt":{"rendered":"Osadzeni w ostrowskim areszcie b\u0119d\u0105 korzysta\u0107 z ciep\u0142a niepochodz\u0105cego, tak jak do tej pory, z kaloryfer\u00f3w. Jest to pierwsza jednostka penitencjarna wyposa\u017cona w \n<a class=\"moretag\" href=\"https:\/\/ostrowskatv.pl\/?p=5604\"> [...]<\/a>","protected":false},"author":1,"featured_media":5605,"comment_status":"open","ping_status":"open","sticky":false,"template":"","format":"standard","meta":{"footnotes":""},"categories":[1],"tags":[2],"class_list":["post-5604","post","type-post","status-publish","format-standard","has-post-thumbnail","hentry","category-news","tag-ostrow-wielkopolski"],"_links":{"self":[{"href":"https:\/\/ostrowskatv.pl\/index.php?rest_route=\/wp\/v2\/posts\/5604","targetHints":{"allow":["GET"]}}],"collection":[{"href":"https:\/\/ostrowskatv.pl\/index.php?rest_route=\/wp\/v2\/posts"}],"about":[{"href":"https:\/\/ostrowskatv.pl\/index.php?rest_route=\/wp\/v2\/types\/post"}],"author":[{"embeddable":true,"href":"https:\/\/ostrowskatv.pl\/index.php?rest_route=\/wp\/v2\/users\/1"}],"replies":[{"embeddable":true,"href":"https:\/\/ostrowskatv.pl\/index.php?rest_route=%2Fwp%2Fv2%2Fcomments&post=5604"}],"version-history":[{"count":0,"href":"https:\/\/ostrowskatv.pl\/index.php?rest_route=\/wp\/v2\/posts\/5604\/revisions"}],"wp:featuredmedia":[{"embeddable":true,"href":"https:\/\/ostrowskatv.pl\/index.php?rest_route=\/wp\/v2\/media\/5605"}],"wp:attachment":[{"href":"https:\/\/ostrowskatv.pl\/index.php?rest_route=%2Fwp%2Fv2%2Fmedia&parent=5604"}],"wp:term":[{"taxonomy":"category","embeddable":true,"href":"https:\/\/ostrowskatv.pl\/index.php?rest_route=%2Fwp%2Fv2%2Fcategories&post=5604"},{"taxonomy":"post_tag","embeddable":true,"href":"https:\/\/ostrowskatv.pl\/index.php?rest_route=%2Fwp%2Fv2%2Ftags&post=5604"}],"curies":[{"name":"wp","href":"https:\/\/api.w.org\/{rel}","templated":true}]}}