{"id":5597,"date":"2018-02-04T21:11:23","date_gmt":"2018-02-04T20:11:23","guid":{"rendered":"http:\/\/ostrowska.tv\/?p=5597"},"modified":"2018-02-04T21:18:35","modified_gmt":"2018-02-04T20:18:35","slug":"karetka-potracila-pieszego","status":"publish","type":"post","link":"https:\/\/ostrowskatv.pl\/?p=5597","title":{"rendered":"Karetka potr\u0105ci\u0142a pieszego"},"content":{"rendered":"<p><strong>W niedzielny wiecz\u00f3r przed 20:30 dosz\u0142o do potr\u0105cenia na ulicy Grabowskiej w Ostrowie Wielkopolskim. Kierowca karetki transportowej potr\u0105ci\u0142 na przej\u015bciu dla pieszych m\u0119\u017cczyzn\u0119. Przej\u015bcie to jest bardzo dobrze o\u015bwietlone przez specjalne lampy ledowe.<\/strong><\/p>\n<p>Na miejsce zjecha\u0142y si\u0119 jeszcze dwie inne karetki. M\u0119\u017cczyzn\u0119 przewieziono do ostrowskiego szpitala. Ustalane s\u0105 szczeg\u00f3\u0142y zdarzenia przez policjant\u00f3w. Zdarzenie mia\u0142o miejsce przy skrzy\u017cowaniu z ulic\u0105 Pru\u015bli\u0144sk\u0105.<\/p>\n<p>Aktualizacja:<\/p>\n<p>Pieszy dozna\u0142 tylko otarcia nask\u00f3rka. By\u0142 pod wp\u0142ywem alkoholu.<\/p>\n<div id='gallery-1' class='gallery galleryid-5597 gallery-columns-3 gallery-size-thumbnail'><figure class='gallery-item'>\n\t\t\t<div class='gallery-icon landscape'>\n\t\t\t\t<a href='https:\/\/ostrowskatv.pl\/?attachment_id=5598'><img loading=\"lazy\" decoding=\"async\" width=\"150\" height=\"150\" src=\"https:\/\/ostrowskatv.pl\/wp-content\/uploads\/2018\/02\/20180204_204325-150x150.jpg\" class=\"attachment-thumbnail size-thumbnail\" alt=\"\" \/><\/a>\n\t\t\t<\/div><\/figure><figure class='gallery-item'>\n\t\t\t<div class='gallery-icon landscape'>\n\t\t\t\t<a href='https:\/\/ostrowskatv.pl\/?attachment_id=5599'><img loading=\"lazy\" decoding=\"async\" width=\"150\" height=\"150\" src=\"https:\/\/ostrowskatv.pl\/wp-content\/uploads\/2018\/02\/20180204_203946-150x150.jpg\" class=\"attachment-thumbnail size-thumbnail\" alt=\"\" \/><\/a>\n\t\t\t<\/div><\/figure><figure class='gallery-item'>\n\t\t\t<div class='gallery-icon landscape'>\n\t\t\t\t<a href='https:\/\/ostrowskatv.pl\/?attachment_id=5600'><img loading=\"lazy\" decoding=\"async\" width=\"150\" height=\"150\" src=\"https:\/\/ostrowskatv.pl\/wp-content\/uploads\/2018\/02\/20180204_203948-150x150.jpg\" class=\"attachment-thumbnail size-thumbnail\" alt=\"\" \/><\/a>\n\t\t\t<\/div><\/figure><figure class='gallery-item'>\n\t\t\t<div class='gallery-icon landscape'>\n\t\t\t\t<a href='https:\/\/ostrowskatv.pl\/?attachment_id=5601'><img loading=\"lazy\" decoding=\"async\" width=\"150\" height=\"150\" src=\"https:\/\/ostrowskatv.pl\/wp-content\/uploads\/2018\/02\/20180204_204200-150x150.jpg\" class=\"attachment-thumbnail size-thumbnail\" alt=\"\" \/><\/a>\n\t\t\t<\/div><\/figure>\n\t\t<\/div>\n\n","protected":false},"excerpt":{"rendered":"W niedzielny wiecz\u00f3r przed 20:30 dosz\u0142o do potr\u0105cenia na ulicy Grabowskiej w Ostrowie Wielkopolskim. Kierowca karetki transportowej potr\u0105ci\u0142 na przej\u015bciu dla pieszych m\u0119\u017cczyzn\u0119. \n<a class=\"moretag\" href=\"https:\/\/ostrowskatv.pl\/?p=5597\"> [...]<\/a>","protected":false},"author":1,"featured_media":5600,"comment_status":"open","ping_status":"open","sticky":false,"template":"","format":"standard","meta":{"footnotes":""},"categories":[1],"tags":[2],"class_list":["post-5597","post","type-post","status-publish","format-standard","has-post-thumbnail","hentry","category-news","tag-ostrow-wielkopolski"],"_links":{"self":[{"href":"https:\/\/ostrowskatv.pl\/index.php?rest_route=\/wp\/v2\/posts\/5597","targetHints":{"allow":["GET"]}}],"collection":[{"href":"https:\/\/ostrowskatv.pl\/index.php?rest_route=\/wp\/v2\/posts"}],"about":[{"href":"https:\/\/ostrowskatv.pl\/index.php?rest_route=\/wp\/v2\/types\/post"}],"author":[{"embeddable":true,"href":"https:\/\/ostrowskatv.pl\/index.php?rest_route=\/wp\/v2\/users\/1"}],"replies":[{"embeddable":true,"href":"https:\/\/ostrowskatv.pl\/index.php?rest_route=%2Fwp%2Fv2%2Fcomments&post=5597"}],"version-history":[{"count":0,"href":"https:\/\/ostrowskatv.pl\/index.php?rest_route=\/wp\/v2\/posts\/5597\/revisions"}],"wp:featuredmedia":[{"embeddable":true,"href":"https:\/\/ostrowskatv.pl\/index.php?rest_route=\/wp\/v2\/media\/5600"}],"wp:attachment":[{"href":"https:\/\/ostrowskatv.pl\/index.php?rest_route=%2Fwp%2Fv2%2Fmedia&parent=5597"}],"wp:term":[{"taxonomy":"category","embeddable":true,"href":"https:\/\/ostrowskatv.pl\/index.php?rest_route=%2Fwp%2Fv2%2Fcategories&post=5597"},{"taxonomy":"post_tag","embeddable":true,"href":"https:\/\/ostrowskatv.pl\/index.php?rest_route=%2Fwp%2Fv2%2Ftags&post=5597"}],"curies":[{"name":"wp","href":"https:\/\/api.w.org\/{rel}","templated":true}]}}