{"id":5591,"date":"2018-02-03T18:23:03","date_gmt":"2018-02-03T17:23:03","guid":{"rendered":"http:\/\/ostrowska.tv\/?p=5591"},"modified":"2018-02-04T10:08:36","modified_gmt":"2018-02-04T09:08:36","slug":"bmw-przejechalo-po-mezczyznie-zginal-na-miejscu","status":"publish","type":"post","link":"https:\/\/ostrowskatv.pl\/?p=5591","title":{"rendered":"BMW przejecha\u0142o po m\u0119\u017cczy\u017anie. Zgin\u0105\u0142 na miejscu"},"content":{"rendered":"<p><strong>Na skrzy\u017cowaniu ulic Nowej i Niskiej w Ostrowie Wielkopolskim dosz\u0142o do \u015bmiertelnego wypadku. Z relacji kierowcy BMW, kt\u00f3ry jecha\u0142 ulic\u0105 Nisk\u0105 (wzd\u0142u\u017c tor\u00f3w), wynika, \u017ce nagle najecha\u0142 na pieszego, kt\u00f3ry jego zdaniem musia\u0142 le\u017ce\u0107 na jezdni. Cia\u0142o zmar\u0142ego zaklinowa\u0142o si\u0119 pod osob\u00f3wk\u0105. Po d\u0142u\u017cszej chwili uda\u0142o si\u0119 je wyci\u0105gn\u0105\u0107.<\/strong><\/p>\n<p>Medycy po pod\u0142\u0105czeniu aparatury, stwierdzili jego zgon. Najprawdopodobniej by\u0142 to do\u015b\u0107 m\u0142ody m\u0119\u017cczyzna. Kierowca BMW by\u0142 trze\u017awy.<\/p>\n<p>AKTUALIZACJA:<\/p>\n<p>M\u0119\u017cczyzna mia\u0142 27 lat. Ze wst\u0119pnych ustale\u0144 wynika, \u017ce pieszy szed\u0142 i przewr\u00f3ci\u0142 si\u0119. Mia\u0142 te\u017c dosta\u0107 drgawek. Chwil\u0119 p\u00f3\u017aniej najecha\u0142 na niego samoch\u00f3d.<\/p>\n<div id='gallery-1' class='gallery galleryid-5591 gallery-columns-3 gallery-size-thumbnail'><figure class='gallery-item'>\n\t\t\t<div class='gallery-icon landscape'>\n\t\t\t\t<a href='https:\/\/ostrowskatv.pl\/?attachment_id=5592'><img loading=\"lazy\" decoding=\"async\" width=\"150\" height=\"150\" src=\"https:\/\/ostrowskatv.pl\/wp-content\/uploads\/2018\/02\/20180203_180719-150x150.jpg\" class=\"attachment-thumbnail size-thumbnail\" alt=\"\" \/><\/a>\n\t\t\t<\/div><\/figure><figure class='gallery-item'>\n\t\t\t<div class='gallery-icon landscape'>\n\t\t\t\t<a href='https:\/\/ostrowskatv.pl\/?attachment_id=5593'><img loading=\"lazy\" decoding=\"async\" width=\"150\" height=\"150\" src=\"https:\/\/ostrowskatv.pl\/wp-content\/uploads\/2018\/02\/20180203_180627-150x150.jpg\" class=\"attachment-thumbnail size-thumbnail\" alt=\"\" \/><\/a>\n\t\t\t<\/div><\/figure><figure class='gallery-item'>\n\t\t\t<div class='gallery-icon landscape'>\n\t\t\t\t<a href='https:\/\/ostrowskatv.pl\/?attachment_id=5594'><img loading=\"lazy\" decoding=\"async\" width=\"150\" height=\"150\" src=\"https:\/\/ostrowskatv.pl\/wp-content\/uploads\/2018\/02\/20180203_180357-150x150.jpg\" class=\"attachment-thumbnail size-thumbnail\" alt=\"\" \/><\/a>\n\t\t\t<\/div><\/figure>\n\t\t<\/div>\n\n","protected":false},"excerpt":{"rendered":"Na skrzy\u017cowaniu ulic Nowej i Niskiej w Ostrowie Wielkopolskim dosz\u0142o do \u015bmiertelnego wypadku. Z relacji kierowcy BMW, kt\u00f3ry jecha\u0142 ulic\u0105 Nisk\u0105 (wzd\u0142u\u017c tor\u00f3w), \n<a class=\"moretag\" href=\"https:\/\/ostrowskatv.pl\/?p=5591\"> [...]<\/a>","protected":false},"author":1,"featured_media":5594,"comment_status":"open","ping_status":"open","sticky":false,"template":"","format":"standard","meta":{"footnotes":""},"categories":[1],"tags":[2],"class_list":["post-5591","post","type-post","status-publish","format-standard","has-post-thumbnail","hentry","category-news","tag-ostrow-wielkopolski"],"_links":{"self":[{"href":"https:\/\/ostrowskatv.pl\/index.php?rest_route=\/wp\/v2\/posts\/5591","targetHints":{"allow":["GET"]}}],"collection":[{"href":"https:\/\/ostrowskatv.pl\/index.php?rest_route=\/wp\/v2\/posts"}],"about":[{"href":"https:\/\/ostrowskatv.pl\/index.php?rest_route=\/wp\/v2\/types\/post"}],"author":[{"embeddable":true,"href":"https:\/\/ostrowskatv.pl\/index.php?rest_route=\/wp\/v2\/users\/1"}],"replies":[{"embeddable":true,"href":"https:\/\/ostrowskatv.pl\/index.php?rest_route=%2Fwp%2Fv2%2Fcomments&post=5591"}],"version-history":[{"count":0,"href":"https:\/\/ostrowskatv.pl\/index.php?rest_route=\/wp\/v2\/posts\/5591\/revisions"}],"wp:featuredmedia":[{"embeddable":true,"href":"https:\/\/ostrowskatv.pl\/index.php?rest_route=\/wp\/v2\/media\/5594"}],"wp:attachment":[{"href":"https:\/\/ostrowskatv.pl\/index.php?rest_route=%2Fwp%2Fv2%2Fmedia&parent=5591"}],"wp:term":[{"taxonomy":"category","embeddable":true,"href":"https:\/\/ostrowskatv.pl\/index.php?rest_route=%2Fwp%2Fv2%2Fcategories&post=5591"},{"taxonomy":"post_tag","embeddable":true,"href":"https:\/\/ostrowskatv.pl\/index.php?rest_route=%2Fwp%2Fv2%2Ftags&post=5591"}],"curies":[{"name":"wp","href":"https:\/\/api.w.org\/{rel}","templated":true}]}}