{"id":5587,"date":"2018-02-03T10:09:12","date_gmt":"2018-02-03T09:09:12","guid":{"rendered":"http:\/\/ostrowska.tv\/?p=5587"},"modified":"2018-02-03T10:09:12","modified_gmt":"2018-02-03T09:09:12","slug":"potracony-84-letni-mezczyzna-trafil-na-intensywna-terapie","status":"publish","type":"post","link":"https:\/\/ostrowskatv.pl\/?p=5587","title":{"rendered":"Potr\u0105cony 84-letni m\u0119\u017cczyzna trafi\u0142 na intensywn\u0105 terapi\u0119"},"content":{"rendered":"<p><strong>W czwartek po godzinie 18:00 zosta\u0142 potr\u0105cony 84-letni m\u0119\u017cczyzna. Do zdarzenia dosz\u0142o w Topoli Ma\u0142ej na ul. Szkolnej. Panuj\u0105cy zmrok ograniczy\u0142 widoczno\u015b\u0107 dla 34-letniego kierowcy samochodu osobowego, kt\u00f3ry nie zauwa\u017cy\u0142 pieszego przechodz\u0105cego w poprzek drogi.\u00a0<\/strong><\/p>\n<p>Potr\u0105conego m\u0119\u017cczyzn\u0119 zabrano do szpitala, gdzie trafi\u0142 na oddzia\u0142 intensywnej terapii. Kierowca Peugeot Partner by\u0142 trze\u017awy.<\/p>\n<p>Apelujemy by po zapadni\u0119ciu zmroku, a zw\u0142aszcza w czasie opad\u00f3w upewni\u0107 si\u0119 czy na pewno kierowca samochodu nas zauwa\u017cy\u0142. Dobrym nawykiem b\u0119dzie noszenie odblaskowej opaski na r\u0119kawie lub nogawce. Chyba nie warto le\u017ce\u0107 w szpitalu, lub co gorsza na cmentarzu, z przekonaniem, \u017ce mia\u0142o si\u0119 pierwsze\u0144stwo.<\/p>\n","protected":false},"excerpt":{"rendered":"W czwartek po godzinie 18:00 zosta\u0142 potr\u0105cony 84-letni m\u0119\u017cczyzna. Do zdarzenia dosz\u0142o w Topoli Ma\u0142ej na ul. Szkolnej. Panuj\u0105cy zmrok ograniczy\u0142 widoczno\u015b\u0107 dla \n<a class=\"moretag\" href=\"https:\/\/ostrowskatv.pl\/?p=5587\"> [...]<\/a>","protected":false},"author":1,"featured_media":5588,"comment_status":"open","ping_status":"open","sticky":false,"template":"","format":"standard","meta":{"footnotes":""},"categories":[1],"tags":[123],"class_list":["post-5587","post","type-post","status-publish","format-standard","has-post-thumbnail","hentry","category-news","tag-topola-mala"],"_links":{"self":[{"href":"https:\/\/ostrowskatv.pl\/index.php?rest_route=\/wp\/v2\/posts\/5587","targetHints":{"allow":["GET"]}}],"collection":[{"href":"https:\/\/ostrowskatv.pl\/index.php?rest_route=\/wp\/v2\/posts"}],"about":[{"href":"https:\/\/ostrowskatv.pl\/index.php?rest_route=\/wp\/v2\/types\/post"}],"author":[{"embeddable":true,"href":"https:\/\/ostrowskatv.pl\/index.php?rest_route=\/wp\/v2\/users\/1"}],"replies":[{"embeddable":true,"href":"https:\/\/ostrowskatv.pl\/index.php?rest_route=%2Fwp%2Fv2%2Fcomments&post=5587"}],"version-history":[{"count":0,"href":"https:\/\/ostrowskatv.pl\/index.php?rest_route=\/wp\/v2\/posts\/5587\/revisions"}],"wp:featuredmedia":[{"embeddable":true,"href":"https:\/\/ostrowskatv.pl\/index.php?rest_route=\/wp\/v2\/media\/5588"}],"wp:attachment":[{"href":"https:\/\/ostrowskatv.pl\/index.php?rest_route=%2Fwp%2Fv2%2Fmedia&parent=5587"}],"wp:term":[{"taxonomy":"category","embeddable":true,"href":"https:\/\/ostrowskatv.pl\/index.php?rest_route=%2Fwp%2Fv2%2Fcategories&post=5587"},{"taxonomy":"post_tag","embeddable":true,"href":"https:\/\/ostrowskatv.pl\/index.php?rest_route=%2Fwp%2Fv2%2Ftags&post=5587"}],"curies":[{"name":"wp","href":"https:\/\/api.w.org\/{rel}","templated":true}]}}