{"id":5572,"date":"2018-01-31T21:29:23","date_gmt":"2018-01-31T20:29:23","guid":{"rendered":"http:\/\/ostrowska.tv\/?p=5572"},"modified":"2018-01-31T21:29:23","modified_gmt":"2018-01-31T20:29:23","slug":"platny-parking-pod-kauflandem-uwazajcie-na-kary","status":"publish","type":"post","link":"https:\/\/ostrowskatv.pl\/?p=5572","title":{"rendered":"P\u0142atny parking pod Kauflandem. Uwa\u017cajcie na kary!"},"content":{"rendered":"<p><strong>Wkr\u00f3tce zostanie uruchomiony p\u0142atny parking przed marketem Kaufland. Jest to ch\u0119\u0107 zapewnienia miejsc dla klient\u00f3w, kt\u00f3rych do tej pory cz\u0119sto brakowa\u0142o. Z tego parkingu cz\u0119sto korzystaj\u0105 uczniowie z pobliskich szk\u00f3\u0142, a tak\u017ce pracownicy ze \u015br\u00f3dmiejskich punkt\u00f3w handlowych. Nierzadko tak\u017ce pozostawiali tu swoje pojazdy pracownicy i pasa\u017cerowie PKP.<\/strong><\/p>\n<p>Parking wed\u0142ug regulaminu b\u0119dzie czynny 7 dni w tygodniu przez 24 godziny. Pierwsze dwie godziny maj\u0105 by\u0107 bezp\u0142atne. Ka\u017cda kolejna godzina zosta\u0142a wyceniona na 4 z\u0142. Za brak biletu przewidziano kar\u0119 w wysoko\u015bci 50 z\u0142. Prosimy zwraca\u0107 uwag\u0119 by nie narazi\u0107 si\u0119 na niepotrzebn\u0105 op\u0142at\u0119.<\/p>\n<p>Obecnie jeszcze parkometry i znaki informacyjne zaklejone s\u0105 czarn\u0105 foli\u0105, a pracownicy nie maj\u0105 informacji o dok\u0142adnej dacie wdro\u017cenia op\u0142at za post\u00f3j.<\/p>\n<div id='gallery-1' class='gallery galleryid-5572 gallery-columns-3 gallery-size-thumbnail'><figure class='gallery-item'>\n\t\t\t<div class='gallery-icon landscape'>\n\t\t\t\t<a href='https:\/\/ostrowskatv.pl\/?attachment_id=5575'><img loading=\"lazy\" decoding=\"async\" width=\"150\" height=\"150\" src=\"https:\/\/ostrowskatv.pl\/wp-content\/uploads\/2018\/01\/20180131_205628-150x150.jpg\" class=\"attachment-thumbnail size-thumbnail\" alt=\"\" \/><\/a>\n\t\t\t<\/div><\/figure><figure class='gallery-item'>\n\t\t\t<div class='gallery-icon landscape'>\n\t\t\t\t<a href='https:\/\/ostrowskatv.pl\/?attachment_id=5574'><img loading=\"lazy\" decoding=\"async\" width=\"150\" height=\"150\" src=\"https:\/\/ostrowskatv.pl\/wp-content\/uploads\/2018\/01\/20180131_210456-150x150.jpg\" class=\"attachment-thumbnail size-thumbnail\" alt=\"\" \/><\/a>\n\t\t\t<\/div><\/figure><figure class='gallery-item'>\n\t\t\t<div class='gallery-icon landscape'>\n\t\t\t\t<a href='https:\/\/ostrowskatv.pl\/?attachment_id=5573'><img loading=\"lazy\" decoding=\"async\" width=\"150\" height=\"150\" src=\"https:\/\/ostrowskatv.pl\/wp-content\/uploads\/2018\/01\/cennik-150x150.jpg\" class=\"attachment-thumbnail size-thumbnail\" alt=\"\" \/><\/a>\n\t\t\t<\/div><\/figure>\n\t\t<\/div>\n\n","protected":false},"excerpt":{"rendered":"Wkr\u00f3tce zostanie uruchomiony p\u0142atny parking przed marketem Kaufland. Jest to ch\u0119\u0107 zapewnienia miejsc dla klient\u00f3w, kt\u00f3rych do tej pory cz\u0119sto brakowa\u0142o. Z tego \n<a class=\"moretag\" href=\"https:\/\/ostrowskatv.pl\/?p=5572\"> [...]<\/a>","protected":false},"author":1,"featured_media":5574,"comment_status":"open","ping_status":"open","sticky":false,"template":"","format":"standard","meta":{"footnotes":""},"categories":[1],"tags":[2],"class_list":["post-5572","post","type-post","status-publish","format-standard","has-post-thumbnail","hentry","category-news","tag-ostrow-wielkopolski"],"_links":{"self":[{"href":"https:\/\/ostrowskatv.pl\/index.php?rest_route=\/wp\/v2\/posts\/5572","targetHints":{"allow":["GET"]}}],"collection":[{"href":"https:\/\/ostrowskatv.pl\/index.php?rest_route=\/wp\/v2\/posts"}],"about":[{"href":"https:\/\/ostrowskatv.pl\/index.php?rest_route=\/wp\/v2\/types\/post"}],"author":[{"embeddable":true,"href":"https:\/\/ostrowskatv.pl\/index.php?rest_route=\/wp\/v2\/users\/1"}],"replies":[{"embeddable":true,"href":"https:\/\/ostrowskatv.pl\/index.php?rest_route=%2Fwp%2Fv2%2Fcomments&post=5572"}],"version-history":[{"count":0,"href":"https:\/\/ostrowskatv.pl\/index.php?rest_route=\/wp\/v2\/posts\/5572\/revisions"}],"wp:featuredmedia":[{"embeddable":true,"href":"https:\/\/ostrowskatv.pl\/index.php?rest_route=\/wp\/v2\/media\/5574"}],"wp:attachment":[{"href":"https:\/\/ostrowskatv.pl\/index.php?rest_route=%2Fwp%2Fv2%2Fmedia&parent=5572"}],"wp:term":[{"taxonomy":"category","embeddable":true,"href":"https:\/\/ostrowskatv.pl\/index.php?rest_route=%2Fwp%2Fv2%2Fcategories&post=5572"},{"taxonomy":"post_tag","embeddable":true,"href":"https:\/\/ostrowskatv.pl\/index.php?rest_route=%2Fwp%2Fv2%2Ftags&post=5572"}],"curies":[{"name":"wp","href":"https:\/\/api.w.org\/{rel}","templated":true}]}}