{"id":557,"date":"2016-03-11T20:05:28","date_gmt":"2016-03-11T19:05:28","guid":{"rendered":"http:\/\/ostrowska.tv\/?p=557"},"modified":"2016-03-11T23:07:02","modified_gmt":"2016-03-11T22:07:02","slug":"palac-niszczeje-jest-nadzieja-na-lepsze-jutro","status":"publish","type":"post","link":"https:\/\/ostrowskatv.pl\/?p=557","title":{"rendered":"Pa\u0142ac niszczeje. Jest nadzieja na lepsze jutro"},"content":{"rendered":"<p><strong>W Mojej Woli w gminie So\u015bnie znajduje si\u0119 prawdziwa per\u0142a architektoniczna. Chodzi o drewniany pa\u0142ac na podmur\u00f3wce z kamienia. Niestety, odk\u0105d trafi\u0142 on w r\u0119ce prywatne, stopniowo niszczeje. W pi\u0105tek jego stan oceni\u0142 Powiatowy Inspektorat Nadzoru Budowlanego.<\/strong><\/p>\n<p>&#8211; Wizja lokalna w pa\u0142acu nie nastraja optymizmem, bo<strong> przedstawia on totaln\u0105 ruin\u0119<\/strong>. Pami\u0119tam, kiedy by\u0142 on jeszcze w sympatycznym stanie. Teraz wymaga ogromnych nak\u0142ad\u00f3w finansowych. To obiekt, kt\u00f3ry si\u0119 sypie. W \u015brodku wszystko jest w zasadzie poniszczone. Wyj\u0105tkiem s\u0105 schody i sufity, kt\u00f3re nie zosta\u0142y jeszcze tkni\u0119te przez cz\u0142owieka. M\u00f3wimy o dewastacji w przera\u017caj\u0105cym stopniu \u2013 m\u00f3wi\u0142 po pi\u0105tkowej kontroli nadzoru budowlanego <strong>Roman Lulek<\/strong>, radny gminy So\u015bnie.<\/p>\n<p>Na wizji pojawi\u0142 si\u0119 tak\u017ce prezes Fundacji Ratowania Zabytk\u00f3w i Pomnik\u00f3w Przyrody. Jego odczucia s\u0105 ju\u017c zdecydowanie bardziej optymistyczne.<\/p>\n<p>&#8211; Chcieli\u015bmy zbudowa\u0107 koalicj\u0119 ludzi, kt\u00f3rzy chc\u0105 dzia\u0142a\u0107 dla dobra tego pa\u0142acu. Zamierzamy si\u0119 wsp\u00f3lnie zastanowi\u0107, co trzeba zrobi\u0107 i co jest mo\u017cliwe do zrobienia, \u017ceby to miejsce odzyska\u0142o \u015bwietno\u015b\u0107. Mamy pocz\u0105tek nowego etapu i czas poka\u017ce, jak on si\u0119 zako\u0144czy. Jako przedstawiciel organizacji spo\u0142ecznej, kt\u00f3ra w\u0142\u0105cza si\u0119 w ten proces, jestem optymist\u0105. Widzia\u0142em bardziej zdewastowane obiekty, kt\u00f3re uda\u0142o si\u0119 podnie\u015b\u0107 z ruiny \u2013 wyja\u015bnia <strong>Karol Marczak<\/strong>. &#8211; Konstrukcja jest jeszcze niezagro\u017cona. Potrzeba naprawd\u0119 bardzo du\u017co pieni\u0119dzy. To inwestycja dla os\u00f3b, kt\u00f3re wiedz\u0105 za co si\u0119 bior\u0105 i reprezentuj\u0105 okre\u015blone zabezpieczenie kapita\u0142owe. M\u00f3wimy o kwocie kilkunastu milion\u00f3w z\u0142otych \u2013 dodaje.<\/p>\n<p>Jedynym ratunkiem dla pa\u0142acu jest zaanga\u017cowanie inwestora. Tego w najbli\u017cszym czasie zamierza znale\u017a\u0107 w\u0142a\u015bciciel obiektu. &#8211; Nasza sp\u00f3\u0142ka jest w\u0142a\u015bcicielem wszystkich udzia\u0142\u00f3w w sp\u00f3\u0142ce w\u0142a\u015bciciela. Jeste\u015bmy jednak w stanie upad\u0142o\u015bci uk\u0142adowej i dlatego nie mo\u017cemy inwestowa\u0107 z w\u0142asnych \u015brodk\u00f3w. W zwi\u0105zku z tym b\u0119dziemy szuka\u0107 inwestora. Zamierzamy wsp\u00f3\u0142pracowa\u0107 z fundacj\u0105 i przedstawicielami gminy, \u017ceby przeciwdzia\u0142a\u0107 niszczeniu obiektu. Na bie\u017c\u0105co wydajemy \u015brodki w miar\u0119 naszych mo\u017cliwo\u015bci. W ostatnim czasie zosta\u0142y wyci\u0119te krzaki, kt\u00f3re zagra\u017ca\u0142y po\u0142aci dachowej. Uszczelnili\u015bmy tak\u017ce dach. Uzupe\u0142nimy orynnowanie \u2013 przekonuje <strong>Tomasz Piasecki,<\/strong> wiceprezes zarz\u0105du IDMSA.<\/p>\n<p>W\u0142a\u015bciciel t\u0142umaczy, \u017ce inwestora szuka\u0142 ju\u017c wcze\u015bniej, ale te starania nie przynios\u0142y efekt\u00f3w. Oby tym razem by\u0142o inaczej, bo m\u00f3wimy o naprawd\u0119 urokliwym miejscu, do kt\u00f3rego wielki sentyment odczuwa wiele os\u00f3b. Jedn\u0105 z nich jest pan <strong>Marian Obst<\/strong>, mieszkaniec Ostrowa Wielkopolskiego. Zach\u0119camy do pos\u0142uchania jego wspomnie\u0144.<\/p>\n<p>&lt;iframe width=&#8221;640&#8243; height=&#8221;360&#8243; src=&#8221;https:\/\/www.youtube.com\/embed\/F9K1yXO842k&#8221; frameborder=&#8221;0&#8243; allowfullscreen&gt;&lt;\/iframe&gt;<\/p>\n<p>&nbsp;<\/p>\n","protected":false},"excerpt":{"rendered":"W Mojej Woli w gminie So\u015bnie znajduje si\u0119 prawdziwa per\u0142a architektoniczna. Chodzi o drewniany pa\u0142ac na podmur\u00f3wce z kamienia. Niestety, odk\u0105d trafi\u0142 on \n<a class=\"moretag\" href=\"https:\/\/ostrowskatv.pl\/?p=557\"> [...]<\/a>","protected":false},"author":1,"featured_media":558,"comment_status":"open","ping_status":"open","sticky":false,"template":"","format":"standard","meta":{"footnotes":""},"categories":[1],"tags":[62],"class_list":["post-557","post","type-post","status-publish","format-standard","has-post-thumbnail","hentry","category-news","tag-moja-wola"],"_links":{"self":[{"href":"https:\/\/ostrowskatv.pl\/index.php?rest_route=\/wp\/v2\/posts\/557","targetHints":{"allow":["GET"]}}],"collection":[{"href":"https:\/\/ostrowskatv.pl\/index.php?rest_route=\/wp\/v2\/posts"}],"about":[{"href":"https:\/\/ostrowskatv.pl\/index.php?rest_route=\/wp\/v2\/types\/post"}],"author":[{"embeddable":true,"href":"https:\/\/ostrowskatv.pl\/index.php?rest_route=\/wp\/v2\/users\/1"}],"replies":[{"embeddable":true,"href":"https:\/\/ostrowskatv.pl\/index.php?rest_route=%2Fwp%2Fv2%2Fcomments&post=557"}],"version-history":[{"count":0,"href":"https:\/\/ostrowskatv.pl\/index.php?rest_route=\/wp\/v2\/posts\/557\/revisions"}],"wp:featuredmedia":[{"embeddable":true,"href":"https:\/\/ostrowskatv.pl\/index.php?rest_route=\/wp\/v2\/media\/558"}],"wp:attachment":[{"href":"https:\/\/ostrowskatv.pl\/index.php?rest_route=%2Fwp%2Fv2%2Fmedia&parent=557"}],"wp:term":[{"taxonomy":"category","embeddable":true,"href":"https:\/\/ostrowskatv.pl\/index.php?rest_route=%2Fwp%2Fv2%2Fcategories&post=557"},{"taxonomy":"post_tag","embeddable":true,"href":"https:\/\/ostrowskatv.pl\/index.php?rest_route=%2Fwp%2Fv2%2Ftags&post=557"}],"curies":[{"name":"wp","href":"https:\/\/api.w.org\/{rel}","templated":true}]}}