{"id":5562,"date":"2018-01-30T10:11:33","date_gmt":"2018-01-30T09:11:33","guid":{"rendered":"http:\/\/ostrowska.tv\/?p=5562"},"modified":"2018-01-30T16:01:31","modified_gmt":"2018-01-30T15:01:31","slug":"smiertelny-wypadek-na-obwodnicy-skalmierzyc","status":"publish","type":"post","link":"https:\/\/ostrowskatv.pl\/?p=5562","title":{"rendered":"\u015amiertelny wypadek na obwodnicy Skalmierzyc"},"content":{"rendered":"<p><strong>Kierowca czerwonego\u00a0 Volkswagena zgin\u0105\u0142 na obwodnicy Skalmierzyc po czo\u0142owym zderzeniu z samochodem ci\u0119\u017carowym.<\/strong><\/p>\n<p>Kierowca Volkswagena na pozna\u0144skich tablicach rejestracyjnych nagle zjecha\u0142 na przeciwny pas ruchu. Kierowcy ci\u0119\u017car\u00f3wki z Kluczborka nic si\u0119 nie sta\u0142o.<\/p>\n<p>Ofiara to 43-letni m\u0119\u017cczyzna.<\/p>\n<div id='gallery-1' class='gallery galleryid-5562 gallery-columns-3 gallery-size-thumbnail'><figure class='gallery-item'>\n\t\t\t<div class='gallery-icon landscape'>\n\t\t\t\t<a href='https:\/\/ostrowskatv.pl\/?attachment_id=5565'><img loading=\"lazy\" decoding=\"async\" width=\"150\" height=\"150\" src=\"https:\/\/ostrowskatv.pl\/wp-content\/uploads\/2018\/01\/skalmierzyce-8-150x150.jpg\" class=\"attachment-thumbnail size-thumbnail\" alt=\"\" \/><\/a>\n\t\t\t<\/div><\/figure><figure class='gallery-item'>\n\t\t\t<div class='gallery-icon landscape'>\n\t\t\t\t<a href='https:\/\/ostrowskatv.pl\/?attachment_id=5567'><img loading=\"lazy\" decoding=\"async\" width=\"150\" height=\"150\" src=\"https:\/\/ostrowskatv.pl\/wp-content\/uploads\/2018\/01\/skalmierzyce-6-150x150.jpg\" class=\"attachment-thumbnail size-thumbnail\" alt=\"\" \/><\/a>\n\t\t\t<\/div><\/figure><figure class='gallery-item'>\n\t\t\t<div class='gallery-icon landscape'>\n\t\t\t\t<a href='https:\/\/ostrowskatv.pl\/?attachment_id=5569'><img loading=\"lazy\" decoding=\"async\" width=\"150\" height=\"150\" src=\"https:\/\/ostrowskatv.pl\/wp-content\/uploads\/2018\/01\/skalmierzyce7-150x150.jpg\" class=\"attachment-thumbnail size-thumbnail\" alt=\"\" \/><\/a>\n\t\t\t<\/div><\/figure>\n\t\t<\/div>\n\n","protected":false},"excerpt":{"rendered":"Kierowca czerwonego\u00a0 Volkswagena zgin\u0105\u0142 na obwodnicy Skalmierzyc po czo\u0142owym zderzeniu z samochodem ci\u0119\u017carowym. Kierowca Volkswagena na pozna\u0144skich tablicach rejestracyjnych nagle zjecha\u0142 na przeciwny \n<a class=\"moretag\" href=\"https:\/\/ostrowskatv.pl\/?p=5562\"> [...]<\/a>","protected":false},"author":1,"featured_media":5561,"comment_status":"open","ping_status":"open","sticky":false,"template":"","format":"standard","meta":{"footnotes":""},"categories":[1],"tags":[90],"class_list":["post-5562","post","type-post","status-publish","format-standard","has-post-thumbnail","hentry","category-news","tag-skalmierzyce"],"_links":{"self":[{"href":"https:\/\/ostrowskatv.pl\/index.php?rest_route=\/wp\/v2\/posts\/5562","targetHints":{"allow":["GET"]}}],"collection":[{"href":"https:\/\/ostrowskatv.pl\/index.php?rest_route=\/wp\/v2\/posts"}],"about":[{"href":"https:\/\/ostrowskatv.pl\/index.php?rest_route=\/wp\/v2\/types\/post"}],"author":[{"embeddable":true,"href":"https:\/\/ostrowskatv.pl\/index.php?rest_route=\/wp\/v2\/users\/1"}],"replies":[{"embeddable":true,"href":"https:\/\/ostrowskatv.pl\/index.php?rest_route=%2Fwp%2Fv2%2Fcomments&post=5562"}],"version-history":[{"count":0,"href":"https:\/\/ostrowskatv.pl\/index.php?rest_route=\/wp\/v2\/posts\/5562\/revisions"}],"wp:featuredmedia":[{"embeddable":true,"href":"https:\/\/ostrowskatv.pl\/index.php?rest_route=\/wp\/v2\/media\/5561"}],"wp:attachment":[{"href":"https:\/\/ostrowskatv.pl\/index.php?rest_route=%2Fwp%2Fv2%2Fmedia&parent=5562"}],"wp:term":[{"taxonomy":"category","embeddable":true,"href":"https:\/\/ostrowskatv.pl\/index.php?rest_route=%2Fwp%2Fv2%2Fcategories&post=5562"},{"taxonomy":"post_tag","embeddable":true,"href":"https:\/\/ostrowskatv.pl\/index.php?rest_route=%2Fwp%2Fv2%2Ftags&post=5562"}],"curies":[{"name":"wp","href":"https:\/\/api.w.org\/{rel}","templated":true}]}}