{"id":5551,"date":"2018-01-27T22:33:50","date_gmt":"2018-01-27T21:33:50","guid":{"rendered":"http:\/\/ostrowska.tv\/?p=5551"},"modified":"2018-01-27T22:33:50","modified_gmt":"2018-01-27T21:33:50","slug":"kolizja-i-potracenie-w-ociazu","status":"publish","type":"post","link":"https:\/\/ostrowskatv.pl\/?p=5551","title":{"rendered":"Kolizja i potr\u0105cenie w Oci\u0105\u017cu"},"content":{"rendered":"<p><strong>W sobotni wiecz\u00f3r przed godzin\u0105 20:00 dosz\u0142o do kolizji i potr\u0105cenia pieszego na drodze krajowej nr 25 w Oci\u0105\u017cu. Od strony Biskupic O\u0142obocznych m\u0119\u017cczyzna przechodzi\u0142 przez przej\u015bcie dla pieszych. Kierowca Volkswagena Golfa po zauwa\u017ceniu sylwetki cz\u0142owieka wchodz\u0105cego na pas, po kt\u00f3rym jecha\u0142, zacz\u0105\u0142 gwa\u0142townie hamowa\u0107. W ty\u0142 osob\u00f3wki uderzy\u0142 samoch\u00f3d ci\u0119\u017carowy. Wed\u0142ug kierowcy pieszy nast\u0119pnie wszed\u0142 w bok ci\u0105gnika siod\u0142owego.\u00a0<\/strong><\/p>\n<p>Pieszy w stanie przytomnym zosta\u0142 zabrany do szpitala. Jak uda\u0142o si\u0119 ustali\u0107, jest okolicznym mieszka\u0144cem.<\/p>\n<div id='gallery-1' class='gallery galleryid-5551 gallery-columns-3 gallery-size-thumbnail'><figure class='gallery-item'>\n\t\t\t<div class='gallery-icon landscape'>\n\t\t\t\t<a href='https:\/\/ostrowskatv.pl\/?attachment_id=5552'><img loading=\"lazy\" decoding=\"async\" width=\"150\" height=\"150\" src=\"https:\/\/ostrowskatv.pl\/wp-content\/uploads\/2018\/01\/20180127_201202-150x150.jpg\" class=\"attachment-thumbnail size-thumbnail\" alt=\"\" \/><\/a>\n\t\t\t<\/div><\/figure><figure class='gallery-item'>\n\t\t\t<div class='gallery-icon landscape'>\n\t\t\t\t<a href='https:\/\/ostrowskatv.pl\/?attachment_id=5553'><img loading=\"lazy\" decoding=\"async\" width=\"150\" height=\"150\" src=\"https:\/\/ostrowskatv.pl\/wp-content\/uploads\/2018\/01\/20180127_201043-150x150.jpg\" class=\"attachment-thumbnail size-thumbnail\" alt=\"\" \/><\/a>\n\t\t\t<\/div><\/figure><figure class='gallery-item'>\n\t\t\t<div class='gallery-icon landscape'>\n\t\t\t\t<a href='https:\/\/ostrowskatv.pl\/?attachment_id=5554'><img loading=\"lazy\" decoding=\"async\" width=\"150\" height=\"150\" src=\"https:\/\/ostrowskatv.pl\/wp-content\/uploads\/2018\/01\/20180127_200819-150x150.jpg\" class=\"attachment-thumbnail size-thumbnail\" alt=\"\" \/><\/a>\n\t\t\t<\/div><\/figure>\n\t\t<\/div>\n\n","protected":false},"excerpt":{"rendered":"W sobotni wiecz\u00f3r przed godzin\u0105 20:00 dosz\u0142o do kolizji i potr\u0105cenia pieszego na drodze krajowej nr 25 w Oci\u0105\u017cu. Od strony Biskupic O\u0142obocznych \n<a class=\"moretag\" href=\"https:\/\/ostrowskatv.pl\/?p=5551\"> [...]<\/a>","protected":false},"author":1,"featured_media":5554,"comment_status":"open","ping_status":"open","sticky":false,"template":"","format":"standard","meta":{"footnotes":""},"categories":[1],"tags":[59],"class_list":["post-5551","post","type-post","status-publish","format-standard","has-post-thumbnail","hentry","category-news","tag-ociaz"],"_links":{"self":[{"href":"https:\/\/ostrowskatv.pl\/index.php?rest_route=\/wp\/v2\/posts\/5551","targetHints":{"allow":["GET"]}}],"collection":[{"href":"https:\/\/ostrowskatv.pl\/index.php?rest_route=\/wp\/v2\/posts"}],"about":[{"href":"https:\/\/ostrowskatv.pl\/index.php?rest_route=\/wp\/v2\/types\/post"}],"author":[{"embeddable":true,"href":"https:\/\/ostrowskatv.pl\/index.php?rest_route=\/wp\/v2\/users\/1"}],"replies":[{"embeddable":true,"href":"https:\/\/ostrowskatv.pl\/index.php?rest_route=%2Fwp%2Fv2%2Fcomments&post=5551"}],"version-history":[{"count":0,"href":"https:\/\/ostrowskatv.pl\/index.php?rest_route=\/wp\/v2\/posts\/5551\/revisions"}],"wp:featuredmedia":[{"embeddable":true,"href":"https:\/\/ostrowskatv.pl\/index.php?rest_route=\/wp\/v2\/media\/5554"}],"wp:attachment":[{"href":"https:\/\/ostrowskatv.pl\/index.php?rest_route=%2Fwp%2Fv2%2Fmedia&parent=5551"}],"wp:term":[{"taxonomy":"category","embeddable":true,"href":"https:\/\/ostrowskatv.pl\/index.php?rest_route=%2Fwp%2Fv2%2Fcategories&post=5551"},{"taxonomy":"post_tag","embeddable":true,"href":"https:\/\/ostrowskatv.pl\/index.php?rest_route=%2Fwp%2Fv2%2Ftags&post=5551"}],"curies":[{"name":"wp","href":"https:\/\/api.w.org\/{rel}","templated":true}]}}