{"id":554,"date":"2016-03-10T15:47:21","date_gmt":"2016-03-10T14:47:21","guid":{"rendered":"http:\/\/ostrowska.tv\/?p=554"},"modified":"2016-03-11T09:52:51","modified_gmt":"2016-03-11T08:52:51","slug":"spor-o-lokalizacje-przedszkola-miasto-wyjasnia","status":"publish","type":"post","link":"https:\/\/ostrowskatv.pl\/?p=554","title":{"rendered":"Sp\u00f3r o lokalizacj\u0119 przedszkola. Miasto wyja\u015bnia"},"content":{"rendered":"<p><strong>Przedszkole numer 11 ju\u017c wkr\u00f3tce ma zosta\u0107 przeniesione z ulicy Wolno\u015bci w now\u0105 lokalizacj\u0119. W mie\u015bcie toczy si\u0119 o to sp\u00f3r. Radni Platformy Obywatelskiej krytykuj\u0105 pomys\u0142 prezydent Beaty Klimek.<\/strong><\/p>\n<p>W\u0142adze miasta chc\u0105, \u017ceby przedszkole zosta\u0142o przeniesione w rejon Bractwa Kurkowego. Radni PO uwa\u017caj\u0105, \u017ce zdecydowanie bardziej optymalna by\u0142aby lokalizacja w rejonie Ogr\u00f3dk\u00f3w Jordanowskich. W Urz\u0119dzie Miejskim przekonuj\u0105 nas, \u017ce argument\u00f3w opozycji wys\u0142uchali, ale wol\u0105 pozosta\u0107 przy swojej koncepcji. &#8211; Miasto nie twierdzi, \u017ce zlokalizowanie przedszkola w rejonie Ogr\u00f3dk\u00f3w Jordanowskich jest niemo\u017cliwe. W\u0142adze miasta widz\u0105 jednak lokalizacje du\u017co korzystniejsz\u0105 \u2013 m\u00f3wi w rozmowie z nasz\u0105 redakcj\u0105 Artur Ko\u0142aci\u0144ski z Biura Prasowego Urz\u0119du Miejskiego w Ostrowie Wielkopolski.<\/p>\n<p>W Urz\u0119dzie Miejskim t\u0142umacz\u0105, \u017ce podana przez miasto lokalizacja niedaleko Bractwa Kurkowego ma dost\u0119p do du\u017cej powierzchni i dobrych rozwi\u0105za\u0144 komunikacyjnych, w pobli\u017cu s\u0105 tak\u017ce tereny zielone. &#8211; Ca\u0142y teren ma w tym miejscu perspektywy rozwojowe i pozwoli na budow\u0119 wolnostoj\u0105cego 8-oddzia\u0142owego przedszkola wraz z parkingiem. Rozpocz\u0119cie procesu inwestycyjnego planowane jest na 2016 rok \u2013 wyja\u015bnia Artur Ko\u0142aci\u0144ski.<\/p>\n<p>Miasto przekonuje, \u017ce lokalizacja w rejonie Bractwa Kurkowego jest najbardziej optymalna. Jak t\u0142umacz\u0105 nam przedstawiciele Urz\u0119du Miejskiego, Dyrekcja Publicznego Przedszkola numer 11 przedstawi\u0142a cechy oraz elementy nowoczesnego budynku przedszkola, dostosowanego do potrzeb i mo\u017cliwo\u015bci dzieci zdrowych i niepe\u0142nosprawnych, w tym dzieci autystycznych. Na tej podstawie mia\u0142a zosta\u0107 podj\u0119t taka a nie inna decyzja. Teren w okolicach Ogr\u00f3dk\u00f3w Jordanowskich w ocenie miasta nie wchodzi w gr\u0119, bo na tak\u0105 inwestycj\u0119 brakuje tam miejsca. &#8211; Obiekt spe\u0142niaj\u0105cy wszystkie te cechy posiada zapotrzebowanie gruntowe na oko\u0142o 7 tys. m2, w tym teren zielony na oko\u0142o 4 tys. m2. Dzia\u0142ka przy Stadionie Miejskim ma jedynie 2,5 tys. m2 \u2013 t\u0142umaczy Artur Ko\u0142aci\u0144ski.<\/p>\n<p>Poni\u017cej prezentujemy ca\u0142\u0105 list\u0119 wymaga\u0144, kt\u00f3re s\u0105 konieczne do spe\u0142nienia w ocenie dyrekcji przedszkola:<\/p>\n<p>&#8211; jednokondygnacyjny budynek,<br \/>\n&#8211; zesp\u00f3\u0142 pomieszcze\u0144 przeznaczonych dla ka\u017cdej z grup dzieci, sk\u0142adaj\u0105cy si\u0119 z sali zaj\u0119\u0107 z miejscem do zabawy, odpoczynku oraz konsumpcji posi\u0142k\u00f3w, \u0142azienki i toalety, ma\u0142a salka dla dzieci do pracy indywidualnej lub zaj\u0119\u0107 w ma\u0142ej grupie przedszkolnej, pomieszczenie na pomoce dydaktyczne nauczyciela, magazyn na le\u017caki,<br \/>\n&#8211; salka do rehabilitacji ruchowej, pok\u00f3j do zaj\u0119\u0107 logopedycznych, pok\u00f3j do terapii pedagogicznej, pok\u00f3j terapii psychologicznej, salka do integracji sensorycznej,<br \/>\n&#8211; pok\u00f3j nauczycielski wraz z bibliotek\u0105 przedszkoln\u0105,<br \/>\n&#8211; du\u017ca sala z przeznaczeniem na uroczysto\u015bci, wyst\u0119py i zebrania z rodzicami; z zamontowan\u0105 kotar\u0105, z salki powinien by\u0107 dost\u0119p do sanitariat\u00f3w i magazynu np. na sprz\u0119t nag\u0142a\u015bniaj\u0105cy i dekoracje; sala z dobra akustyk\u0105, sala blisko wej\u015bcia lub z osobnym wej\u015bciem i szatnia dla rodzic\u00f3w;<br \/>\n&#8211; dwie toalety w r\u00f3\u017cnych cz\u0119\u015bciach budynku dla personelu;<br \/>\n&#8211; archiwum;<br \/>\n&#8211; warsztat konserwatora,<br \/>\n&#8211; pomieszczenia na zabawki i sprz\u0119t terenowy dost\u0119pne z placu zabaw,<br \/>\n&#8211; WC dla dzieci dost\u0119pne z placu zabaw,<br \/>\n&#8211; WC dla personelu dost\u0119pne z placu zabaw,<br \/>\n&#8211; pomieszczenie na drobny sprz\u0119t ogrodowy dost\u0119pne z placu zabaw,<br \/>\n&#8211; \u0142atwe przej\u015bcie z placu zabaw do szatni (gdy rodzice odbieraj\u0105 dziecko z placu zabaw),<br \/>\n&#8211; wyko\u0144czenie wewn\u0119trzne i zewn\u0119trzne budynku dostosowane do potrzeb dzieci kszta\u0142tuj\u0105c w nich poczucie pi\u0119kna, estetyki i bezpiecze\u0144stwa, ze wzgl\u0119du na dzieci autystyczne ze stonowan\u0105 kolorystyk\u0105,<br \/>\n&#8211; materia\u0142y wyko\u0144czeniowe bezpieczne dla dzieci i odporna na zniszczenie, w salach zaj\u0119\u0107 sufity i \u015bciany poch\u0142aniaj\u0105ce d\u017awi\u0119k,<br \/>\n&#8211; budynek dostosowany do os\u00f3b niepe\u0142nosprawnych,<br \/>\n&#8211; ze wzgl\u0119du na liczne diety dzieci lepsz\u0105 opcj\u0105 ni\u017c catering wydaje si\u0119 kuchnia przedszkolna.<br \/>\n&#8211; dla rozwoju fizycznego i psychicznego dzieci wa\u017cny jest pobyt na \u015bwie\u017cym powietrzu.<br \/>\n&#8211; optymalny teren przedszkolny to teren zielony i cichy posiadaj\u0105cy:<br \/>\n&#8211; plac zabaw podzielony na cz\u0119\u015b\u0107 dla dzieci m\u0142odszych i starszych&gt; przynajmniej 1500 m2 (obecnie plac zabaw wynosi 665 m2), z bezpiecznym pod\u0142o\u017cem,<br \/>\n&#8211; miejsce daj\u0105ce mo\u017cliwo\u015b\u0107 organizacji imprez plenerowych wraz z&gt; nag\u0142o\u015bnieniem (festyn\u00f3w, piknik\u00f3w, przegl\u0105d\u00f3w artystycznych),<br \/>\n&#8211; powierzchnia do rysowania kred\u0105,<br \/>\n&#8211; ogr\u00f3d sensoryczny dla dzieci niepe\u0142nosprawnych, kt\u00f3ry pe\u0142ni funkcj\u0119&gt; dydaktyczn\u0105, rewalidacyjn\u0105 oraz terapeutyczn\u0105 (400 m2),<br \/>\n&#8211; dla rozwoju zainteresowa\u0144 przyrodniczych dzieci \u2013 ogr\u00f3dek na grz\u0105dki dla ka\u017cdej grupy (350 m2).<br \/>\n&#8211; opr\u00f3cz parking\u00f3w dla samochod\u00f3w konieczne jest tez miejsce na rowery dla pracownik\u00f3w i rowerki dzieci\u0119ce.<br \/>\n&#8211; konieczne jest zapewnienie drogi dla dostawc\u00f3w od strony kuchni oraz drogi przeciwpo\u017carowej.<\/p>\n","protected":false},"excerpt":{"rendered":"Przedszkole numer 11 ju\u017c wkr\u00f3tce ma zosta\u0107 przeniesione z ulicy Wolno\u015bci w now\u0105 lokalizacj\u0119. W mie\u015bcie toczy si\u0119 o to sp\u00f3r. Radni Platformy \n<a class=\"moretag\" href=\"https:\/\/ostrowskatv.pl\/?p=554\"> [...]<\/a>","protected":false},"author":1,"featured_media":191,"comment_status":"open","ping_status":"open","sticky":false,"template":"","format":"standard","meta":{"footnotes":""},"categories":[1],"tags":[28],"class_list":["post-554","post","type-post","status-publish","format-standard","has-post-thumbnail","hentry","category-news","tag-przedszkole"],"_links":{"self":[{"href":"https:\/\/ostrowskatv.pl\/index.php?rest_route=\/wp\/v2\/posts\/554","targetHints":{"allow":["GET"]}}],"collection":[{"href":"https:\/\/ostrowskatv.pl\/index.php?rest_route=\/wp\/v2\/posts"}],"about":[{"href":"https:\/\/ostrowskatv.pl\/index.php?rest_route=\/wp\/v2\/types\/post"}],"author":[{"embeddable":true,"href":"https:\/\/ostrowskatv.pl\/index.php?rest_route=\/wp\/v2\/users\/1"}],"replies":[{"embeddable":true,"href":"https:\/\/ostrowskatv.pl\/index.php?rest_route=%2Fwp%2Fv2%2Fcomments&post=554"}],"version-history":[{"count":0,"href":"https:\/\/ostrowskatv.pl\/index.php?rest_route=\/wp\/v2\/posts\/554\/revisions"}],"wp:featuredmedia":[{"embeddable":true,"href":"https:\/\/ostrowskatv.pl\/index.php?rest_route=\/wp\/v2\/media\/191"}],"wp:attachment":[{"href":"https:\/\/ostrowskatv.pl\/index.php?rest_route=%2Fwp%2Fv2%2Fmedia&parent=554"}],"wp:term":[{"taxonomy":"category","embeddable":true,"href":"https:\/\/ostrowskatv.pl\/index.php?rest_route=%2Fwp%2Fv2%2Fcategories&post=554"},{"taxonomy":"post_tag","embeddable":true,"href":"https:\/\/ostrowskatv.pl\/index.php?rest_route=%2Fwp%2Fv2%2Ftags&post=554"}],"curies":[{"name":"wp","href":"https:\/\/api.w.org\/{rel}","templated":true}]}}