{"id":5520,"date":"2018-01-23T22:48:49","date_gmt":"2018-01-23T21:48:49","guid":{"rendered":"http:\/\/ostrowska.tv\/?p=5520"},"modified":"2018-01-23T22:51:27","modified_gmt":"2018-01-23T21:51:27","slug":"dwie-kolizje-po-3-samochody","status":"publish","type":"post","link":"https:\/\/ostrowskatv.pl\/?p=5520","title":{"rendered":"Dwie kolizje po 3 samochody"},"content":{"rendered":"<p><strong>W poniedzia\u0142ek i wtorek dosz\u0142o do dw\u00f3ch kolizji z udzia\u0142em w sumie 6 samochod\u00f3w. Poza rozbitymi autami, uczestnicy zdarzenia nie odnie\u015bli powa\u017cniejszych obra\u017ce\u0144.<\/strong><\/p>\n<p>Najpierw w poniedzia\u0142kowe popo\u0142udnie zderzy\u0142y si\u0119 trzy samochody na skrzy\u017cowaniu ulic Led\u00f3chowskiego &#8211; Pi\u0142sudskiego w Ostrowie Wlkp. Kieruj\u0105ca Volkswagenem jecha\u0142a ulic\u0105 Led\u00f3chowskiego i chcia\u0142a skr\u0119ci\u0107 w lewo w stron\u0119 stadionu miejskiego. Nadje\u017cd\u017caj\u0105cy z przeciwka samoch\u00f3d kierowany r\u00f3wnie\u017c przez kobiet\u0119, mia\u0142 wed\u0142ug subiektywnego odczucia sprawczyni z pierwszego auta, jecha\u0107 zbyt szybko. Kobieta \u017ale wyliczy\u0142a czas potrzebny na wykonanie manewru i doprowadzi\u0142a do zderzenia. Rykoszetem ucierpia\u0142 trzeci pojazd w kolorze czerwonym, r\u00f3wnie\u017c Volkswagen.<\/p>\n<p><img loading=\"lazy\" decoding=\"async\" class=\"alignnone size-full wp-image-5525\" src=\"http:\/\/ostrowska.tv\/wp-content\/uploads\/2018\/01\/01-23-10.28.10.jpg\" alt=\"\" width=\"1023\" height=\"576\" srcset=\"https:\/\/ostrowskatv.pl\/wp-content\/uploads\/2018\/01\/01-23-10.28.10.jpg 1023w, https:\/\/ostrowskatv.pl\/wp-content\/uploads\/2018\/01\/01-23-10.28.10-300x169.jpg 300w, https:\/\/ostrowskatv.pl\/wp-content\/uploads\/2018\/01\/01-23-10.28.10-640x360.jpg 640w\" sizes=\"auto, (max-width: 1023px) 100vw, 1023px\" \/> <img loading=\"lazy\" decoding=\"async\" class=\"alignnone size-full wp-image-5526\" src=\"http:\/\/ostrowska.tv\/wp-content\/uploads\/2018\/01\/01-23-10.25.52.jpg\" alt=\"\" width=\"1023\" height=\"547\" srcset=\"https:\/\/ostrowskatv.pl\/wp-content\/uploads\/2018\/01\/01-23-10.25.52.jpg 1023w, https:\/\/ostrowskatv.pl\/wp-content\/uploads\/2018\/01\/01-23-10.25.52-300x160.jpg 300w, https:\/\/ostrowskatv.pl\/wp-content\/uploads\/2018\/01\/01-23-10.25.52-640x342.jpg 640w\" sizes=\"auto, (max-width: 1023px) 100vw, 1023px\" \/> <img loading=\"lazy\" decoding=\"async\" class=\"alignnone size-full wp-image-5527\" src=\"http:\/\/ostrowska.tv\/wp-content\/uploads\/2018\/01\/01-23-10.24.31.jpg\" alt=\"\" width=\"1023\" height=\"505\" srcset=\"https:\/\/ostrowskatv.pl\/wp-content\/uploads\/2018\/01\/01-23-10.24.31.jpg 1023w, https:\/\/ostrowskatv.pl\/wp-content\/uploads\/2018\/01\/01-23-10.24.31-300x148.jpg 300w, https:\/\/ostrowskatv.pl\/wp-content\/uploads\/2018\/01\/01-23-10.24.31-640x316.jpg 640w\" sizes=\"auto, (max-width: 1023px) 100vw, 1023px\" \/><\/p>\n<p>We wtorek dosz\u0142o do zderzenia si\u0119 trzech pojazd\u00f3w na skrzy\u017cowaniu Kordeckiego &#8211; Ok\u00f3lna. Kierowca przewo\u017c\u0105cy w\u0119giel chcia\u0142 przejecha\u0107 ulic\u0105 Ok\u00f3ln\u0105 w stron\u0119 ulicy Gorzyckiej. Nie ust\u0105pi\u0142 pierwsze\u0144stwa Peugeotowi, przez co uderzy\u0142 w jego bok. Rykoszetem ucierpia\u0142a Skoda. Z tego zdarzenia zabrano kieruj\u0105c\u0105 z Peugeota. Sprawca doskonale zna\u0142 skrzy\u017cowanie z racji cz\u0119stego pokonywania go.<\/p>\n<div id='gallery-1' class='gallery galleryid-5520 gallery-columns-3 gallery-size-thumbnail'><figure class='gallery-item'>\n\t\t\t<div class='gallery-icon landscape'>\n\t\t\t\t<a href='https:\/\/ostrowskatv.pl\/?attachment_id=5528'><img loading=\"lazy\" decoding=\"async\" width=\"150\" height=\"150\" src=\"https:\/\/ostrowskatv.pl\/wp-content\/uploads\/2018\/01\/20180123_114631-150x150.jpg\" class=\"attachment-thumbnail size-thumbnail\" alt=\"\" \/><\/a>\n\t\t\t<\/div><\/figure><figure class='gallery-item'>\n\t\t\t<div class='gallery-icon landscape'>\n\t\t\t\t<a href='https:\/\/ostrowskatv.pl\/?attachment_id=5529'><img loading=\"lazy\" decoding=\"async\" width=\"150\" height=\"150\" src=\"https:\/\/ostrowskatv.pl\/wp-content\/uploads\/2018\/01\/20180123_121934-150x150.jpg\" class=\"attachment-thumbnail size-thumbnail\" alt=\"\" \/><\/a>\n\t\t\t<\/div><\/figure><figure class='gallery-item'>\n\t\t\t<div class='gallery-icon landscape'>\n\t\t\t\t<a href='https:\/\/ostrowskatv.pl\/?attachment_id=5530'><img loading=\"lazy\" decoding=\"async\" width=\"150\" height=\"150\" src=\"https:\/\/ostrowskatv.pl\/wp-content\/uploads\/2018\/01\/20180123_114736-150x150.jpg\" class=\"attachment-thumbnail size-thumbnail\" alt=\"\" \/><\/a>\n\t\t\t<\/div><\/figure><figure class='gallery-item'>\n\t\t\t<div class='gallery-icon landscape'>\n\t\t\t\t<a href='https:\/\/ostrowskatv.pl\/?attachment_id=5531'><img loading=\"lazy\" decoding=\"async\" width=\"150\" height=\"150\" src=\"https:\/\/ostrowskatv.pl\/wp-content\/uploads\/2018\/01\/20180123_115018-150x150.jpg\" class=\"attachment-thumbnail size-thumbnail\" alt=\"\" \/><\/a>\n\t\t\t<\/div><\/figure>\n\t\t<\/div>\n\n","protected":false},"excerpt":{"rendered":"W poniedzia\u0142ek i wtorek dosz\u0142o do dw\u00f3ch kolizji z udzia\u0142em w sumie 6 samochod\u00f3w. Poza rozbitymi autami, uczestnicy zdarzenia nie odnie\u015bli powa\u017cniejszych obra\u017ce\u0144. \n<a class=\"moretag\" href=\"https:\/\/ostrowskatv.pl\/?p=5520\"> [...]<\/a>","protected":false},"author":1,"featured_media":5528,"comment_status":"open","ping_status":"open","sticky":false,"template":"","format":"standard","meta":{"footnotes":""},"categories":[1],"tags":[2],"class_list":["post-5520","post","type-post","status-publish","format-standard","has-post-thumbnail","hentry","category-news","tag-ostrow-wielkopolski"],"_links":{"self":[{"href":"https:\/\/ostrowskatv.pl\/index.php?rest_route=\/wp\/v2\/posts\/5520","targetHints":{"allow":["GET"]}}],"collection":[{"href":"https:\/\/ostrowskatv.pl\/index.php?rest_route=\/wp\/v2\/posts"}],"about":[{"href":"https:\/\/ostrowskatv.pl\/index.php?rest_route=\/wp\/v2\/types\/post"}],"author":[{"embeddable":true,"href":"https:\/\/ostrowskatv.pl\/index.php?rest_route=\/wp\/v2\/users\/1"}],"replies":[{"embeddable":true,"href":"https:\/\/ostrowskatv.pl\/index.php?rest_route=%2Fwp%2Fv2%2Fcomments&post=5520"}],"version-history":[{"count":0,"href":"https:\/\/ostrowskatv.pl\/index.php?rest_route=\/wp\/v2\/posts\/5520\/revisions"}],"wp:featuredmedia":[{"embeddable":true,"href":"https:\/\/ostrowskatv.pl\/index.php?rest_route=\/wp\/v2\/media\/5528"}],"wp:attachment":[{"href":"https:\/\/ostrowskatv.pl\/index.php?rest_route=%2Fwp%2Fv2%2Fmedia&parent=5520"}],"wp:term":[{"taxonomy":"category","embeddable":true,"href":"https:\/\/ostrowskatv.pl\/index.php?rest_route=%2Fwp%2Fv2%2Fcategories&post=5520"},{"taxonomy":"post_tag","embeddable":true,"href":"https:\/\/ostrowskatv.pl\/index.php?rest_route=%2Fwp%2Fv2%2Ftags&post=5520"}],"curies":[{"name":"wp","href":"https:\/\/api.w.org\/{rel}","templated":true}]}}