{"id":552,"date":"2016-03-09T12:07:22","date_gmt":"2016-03-09T11:07:22","guid":{"rendered":"http:\/\/ostrowska.tv\/?p=552"},"modified":"2016-03-09T12:07:22","modified_gmt":"2016-03-09T11:07:22","slug":"miasto-wciaz-czeka-na-projekt-i-kosztorys-od-bm-slam","status":"publish","type":"post","link":"https:\/\/ostrowskatv.pl\/?p=552","title":{"rendered":"Miasto wci\u0105\u017c czeka na projekt i kosztorys od BM Slam"},"content":{"rendered":"<p><span style=\"font-weight: 400;\">Wci\u0105\u017c nie zapad\u0142a decyzja w sprawie ewentualnego odkupienia przez miasto wyremontowanej hali przy ulicy Kusoci\u0144skiego. Dlaczego sprawa si\u0119 tak przeci\u0105ga?<\/span><span style=\"font-weight: 400;\"><br \/>\n<\/span><span style=\"font-weight: 400;\"><br \/>\n<\/span><span style=\"font-weight: 400;\">Przypomnijmy, \u017ce sp\u00f3\u0142ka BM Slam zaproponowa\u0142a miastu odkupienie wyremontowanej hali przy ulicy Kusoci\u0144skiego za kwot\u0119 oko\u0142o o\u015bmiu milion\u00f3w z\u0142otych. Prezydent Beata Klimek do tej pory nie zaj\u0119\u0142a jednoznaczenego stanowiska w sprawie tej propozycji. Ju\u017c wcze\u015bniej zdecydowany sprzeciw wydawaniu na ten cel pieni\u0119dzy wyrazi\u0142a cz\u0119\u015b\u0107 radnych klubu Platformy Obywatelskiej.<\/span><span style=\"font-weight: 400;\"><br \/>\n<\/span><span style=\"font-weight: 400;\"><br \/>\n<\/span><span style=\"font-weight: 400;\">Decyzji w sprawie ostrowskiej hali nie nale\u017cy spodziewa\u0107 si\u0119 w najbli\u017cszej przysz\u0142o\u015bci, bo sp\u00f3\u0142ka nie przedstawi\u0142a wci\u0105\u017c miastu niezb\u0119dnej dokumentacji. &#8211; Jak informowali\u015bmy w styczniu tego roku, w Urz\u0119dzie Miejskim odby\u0142o si\u0119 w\u00f3wczas spotkanie, podczas kt\u00f3rego Pawe\u0142 Matuszewski, prezes sp\u00f3\u0142ki BM Slam Stal przedstawi\u0142 planowane kroki dotycz\u0105ce rozbudowy hali sportowej przy ulicy Kusoci\u0144skiego &#8211; sp\u00f3\u0142ka zleci\u0142a wykonanie opracowania projektu architektonicznego oraz budowlano &#8211; wykonawczego rozbudowy i przebudowy istniej\u0105cego budynku hali widowiskowo \u2013 sportowej. Przedstawiciel sp\u00f3\u0142ki poinformowa\u0142 w\u00f3wczas, \u017ce w marcu tego roku w\u0142adzom miasta przedstawiony zostanie wykonany projekt wraz z kosztorysem inwestycji \u2013 przypomina Artur Ko\u0142aci\u0144ski z Biura Prasowego Urz\u0119du Miejskiego w Ostrowie Wielkopolskim.<\/span><span style=\"font-weight: 400;\"><br \/>\n<\/span><span style=\"font-weight: 400;\"><br \/>\n<\/span><span style=\"font-weight: 400;\">&#8211; Na ten moment nie zosta\u0142y one przedstawione. Przed uzyskaniem przez Miasto wszelkich niezb\u0119dnych informacji \u017cadne decyzje nie zostan\u0105 podj\u0119te \u2013 dodaje Artur Ko\u0142aci\u0144ski. Kibice koszyk\u00f3wki w naszym mie\u015bcie musz\u0105 zatem uzbroi\u0107 si\u0119 jeszcze w troch\u0119 cierpliwo\u015bci. Temat z ca\u0142\u0105 pewno\u015bci\u0105 zostanie podniesiony podczas marcowej Sesji Rady Miejskiej, kt\u00f3ra odb\u0119dzie si\u0119 w ostatnich dniach tego miesi\u0105ca. Wtedy mo\u017cna spodziewa\u0107 si\u0119 konkretnych deklaracji.<\/span><span style=\"font-weight: 400;\"><br \/>\n<\/span><\/p>\n<p>&nbsp;<\/p>\n","protected":false},"excerpt":{"rendered":"Wci\u0105\u017c nie zapad\u0142a decyzja w sprawie ewentualnego odkupienia przez miasto wyremontowanej hali przy ulicy Kusoci\u0144skiego. Dlaczego sprawa si\u0119 tak przeci\u0105ga? Przypomnijmy, \u017ce sp\u00f3\u0142ka \n<a class=\"moretag\" href=\"https:\/\/ostrowskatv.pl\/?p=552\"> [...]<\/a>","protected":false},"author":1,"featured_media":158,"comment_status":"open","ping_status":"open","sticky":false,"template":"","format":"standard","meta":{"footnotes":""},"categories":[1],"tags":[19],"class_list":["post-552","post","type-post","status-publish","format-standard","has-post-thumbnail","hentry","category-news","tag-koszykowka"],"_links":{"self":[{"href":"https:\/\/ostrowskatv.pl\/index.php?rest_route=\/wp\/v2\/posts\/552","targetHints":{"allow":["GET"]}}],"collection":[{"href":"https:\/\/ostrowskatv.pl\/index.php?rest_route=\/wp\/v2\/posts"}],"about":[{"href":"https:\/\/ostrowskatv.pl\/index.php?rest_route=\/wp\/v2\/types\/post"}],"author":[{"embeddable":true,"href":"https:\/\/ostrowskatv.pl\/index.php?rest_route=\/wp\/v2\/users\/1"}],"replies":[{"embeddable":true,"href":"https:\/\/ostrowskatv.pl\/index.php?rest_route=%2Fwp%2Fv2%2Fcomments&post=552"}],"version-history":[{"count":0,"href":"https:\/\/ostrowskatv.pl\/index.php?rest_route=\/wp\/v2\/posts\/552\/revisions"}],"wp:featuredmedia":[{"embeddable":true,"href":"https:\/\/ostrowskatv.pl\/index.php?rest_route=\/wp\/v2\/media\/158"}],"wp:attachment":[{"href":"https:\/\/ostrowskatv.pl\/index.php?rest_route=%2Fwp%2Fv2%2Fmedia&parent=552"}],"wp:term":[{"taxonomy":"category","embeddable":true,"href":"https:\/\/ostrowskatv.pl\/index.php?rest_route=%2Fwp%2Fv2%2Fcategories&post=552"},{"taxonomy":"post_tag","embeddable":true,"href":"https:\/\/ostrowskatv.pl\/index.php?rest_route=%2Fwp%2Fv2%2Ftags&post=552"}],"curies":[{"name":"wp","href":"https:\/\/api.w.org\/{rel}","templated":true}]}}