{"id":5513,"date":"2018-01-17T14:32:27","date_gmt":"2018-01-17T13:32:27","guid":{"rendered":"http:\/\/ostrowska.tv\/?p=5513"},"modified":"2018-01-17T14:34:40","modified_gmt":"2018-01-17T13:34:40","slug":"splonal-samochod-jak-temu-zapobiec","status":"publish","type":"post","link":"https:\/\/ostrowskatv.pl\/?p=5513","title":{"rendered":"Sp\u0142on\u0105\u0142 samoch\u00f3d. Co mog\u0142o by\u0107 przyczyn\u0105?"},"content":{"rendered":"<p><strong>Wed\u0142ug statystyk oko\u0142o 100 samochod\u00f3w w ci\u0105gu ca\u0142ej zimy sp\u0142onie w Polsce. Dzi\u015b jednym z takich przypadk\u00f3w by\u0142 Ford Focus. Jego kierowca jad\u0105c w Nowych Skalmierzycach ul. 29 grudnia zobaczy\u0142 wydobywaj\u0105cy si\u0119 dym spod maski. Ogie\u0144 do\u015b\u0107 szybko si\u0119 rozprzestrzeni\u0142. Do czasu przyjazdu stra\u017cy po\u017carnej, spalona by\u0142a nie tylko komora silnika, ale r\u00f3wnie\u017c wn\u0119trze kabiny pasa\u017cerskiej.<\/strong><\/p>\n<p>W\u015br\u00f3d najcz\u0119stszych przyczyn samozap\u0142on\u00f3w aut wymienia si\u0119 wycieki oleju w komorze silnika, \u017ale zamontowane instalacje elektryczne, a tak\u017ce przede wszystkim zwarcie spowodowane przeci\u0105\u017ceniem przewod\u00f3w z powodu zbyt intensywnego ogrzewania.<\/p>\n<p>Warto przypomnie\u0107, \u017ce ga\u015bnice b\u0119d\u0105ce na wyposa\u017ceniu naszych aut nie gwarantuj\u0105 ugaszenia po\u017caru. Mo\u017ce to wynika\u0107 z nieprawid\u0142owego u\u017cycia ga\u015bnicy. W takich sytuacjach nale\u017cy najpierw wyci\u0105gn\u0105\u0107 i przygotowa\u0107 ga\u015bnic\u0119, a dopiero p\u00f3\u017aniej uchyli\u0107 mask\u0119 od komory silnika. Przez powsta\u0142y lufcik nale\u017cy zaaplikowa\u0107 \u015brodek ga\u015bniczy. Nie nale\u017cy otwiera\u0107 maski na o\u015bcie\u017c.<\/p>\n<div id='gallery-1' class='gallery galleryid-5513 gallery-columns-3 gallery-size-thumbnail'><figure class='gallery-item'>\n\t\t\t<div class='gallery-icon landscape'>\n\t\t\t\t<a href='https:\/\/ostrowskatv.pl\/?attachment_id=5514'><img loading=\"lazy\" decoding=\"async\" width=\"150\" height=\"150\" src=\"https:\/\/ostrowskatv.pl\/wp-content\/uploads\/2018\/01\/auto_spalone_NS-150x150.jpg\" class=\"attachment-thumbnail size-thumbnail\" alt=\"\" \/><\/a>\n\t\t\t<\/div><\/figure><figure class='gallery-item'>\n\t\t\t<div class='gallery-icon landscape'>\n\t\t\t\t<a href='https:\/\/ostrowskatv.pl\/?attachment_id=5515'><img loading=\"lazy\" decoding=\"async\" width=\"150\" height=\"150\" src=\"https:\/\/ostrowskatv.pl\/wp-content\/uploads\/2018\/01\/auto_spalone_NS2-150x150.jpg\" class=\"attachment-thumbnail size-thumbnail\" alt=\"\" \/><\/a>\n\t\t\t<\/div><\/figure><figure class='gallery-item'>\n\t\t\t<div class='gallery-icon landscape'>\n\t\t\t\t<a href='https:\/\/ostrowskatv.pl\/?attachment_id=5516'><img loading=\"lazy\" decoding=\"async\" width=\"150\" height=\"150\" src=\"https:\/\/ostrowskatv.pl\/wp-content\/uploads\/2018\/01\/auto_spalone_NS3-150x150.jpg\" class=\"attachment-thumbnail size-thumbnail\" alt=\"\" \/><\/a>\n\t\t\t<\/div><\/figure>\n\t\t<\/div>\n\n","protected":false},"excerpt":{"rendered":"Wed\u0142ug statystyk oko\u0142o 100 samochod\u00f3w w ci\u0105gu ca\u0142ej zimy sp\u0142onie w Polsce. Dzi\u015b jednym z takich przypadk\u00f3w by\u0142 Ford Focus. Jego kierowca jad\u0105c \n<a class=\"moretag\" href=\"https:\/\/ostrowskatv.pl\/?p=5513\"> [...]<\/a>","protected":false},"author":1,"featured_media":5516,"comment_status":"open","ping_status":"open","sticky":false,"template":"","format":"standard","meta":{"footnotes":""},"categories":[1],"tags":[61],"class_list":["post-5513","post","type-post","status-publish","format-standard","has-post-thumbnail","hentry","category-news","tag-nowe-skalmierzyce"],"_links":{"self":[{"href":"https:\/\/ostrowskatv.pl\/index.php?rest_route=\/wp\/v2\/posts\/5513","targetHints":{"allow":["GET"]}}],"collection":[{"href":"https:\/\/ostrowskatv.pl\/index.php?rest_route=\/wp\/v2\/posts"}],"about":[{"href":"https:\/\/ostrowskatv.pl\/index.php?rest_route=\/wp\/v2\/types\/post"}],"author":[{"embeddable":true,"href":"https:\/\/ostrowskatv.pl\/index.php?rest_route=\/wp\/v2\/users\/1"}],"replies":[{"embeddable":true,"href":"https:\/\/ostrowskatv.pl\/index.php?rest_route=%2Fwp%2Fv2%2Fcomments&post=5513"}],"version-history":[{"count":0,"href":"https:\/\/ostrowskatv.pl\/index.php?rest_route=\/wp\/v2\/posts\/5513\/revisions"}],"wp:featuredmedia":[{"embeddable":true,"href":"https:\/\/ostrowskatv.pl\/index.php?rest_route=\/wp\/v2\/media\/5516"}],"wp:attachment":[{"href":"https:\/\/ostrowskatv.pl\/index.php?rest_route=%2Fwp%2Fv2%2Fmedia&parent=5513"}],"wp:term":[{"taxonomy":"category","embeddable":true,"href":"https:\/\/ostrowskatv.pl\/index.php?rest_route=%2Fwp%2Fv2%2Fcategories&post=5513"},{"taxonomy":"post_tag","embeddable":true,"href":"https:\/\/ostrowskatv.pl\/index.php?rest_route=%2Fwp%2Fv2%2Ftags&post=5513"}],"curies":[{"name":"wp","href":"https:\/\/api.w.org\/{rel}","templated":true}]}}