{"id":5510,"date":"2018-01-17T13:58:11","date_gmt":"2018-01-17T12:58:11","guid":{"rendered":"http:\/\/ostrowska.tv\/?p=5510"},"modified":"2018-01-17T13:58:11","modified_gmt":"2018-01-17T12:58:11","slug":"zderzenie-we-franklinowie-bylo-slisko","status":"publish","type":"post","link":"https:\/\/ostrowskatv.pl\/?p=5510","title":{"rendered":"Zderzenie we Franklinowie. By\u0142o \u015blisko"},"content":{"rendered":"<p><strong>W \u015brod\u0119 po godzinie 8 rano dosz\u0142o do zderzenia dw\u00f3ch aut osobowych. Kierowca Opla Vectry zje\u017cd\u017caj\u0105c z w\u0119z\u0142a Franklin\u00f3w straci\u0142 panowanie nad samochodem i zjecha\u0142 na przeciwny pas ruchu, gdzie uderzy\u0142 w Renault Lagun\u0119. Kierowc\u0119 z Opla, z uwagi na odczuwany b\u00f3l w klatce piersiowej, zabrano do szpitala.<\/strong><\/p>\n<p>Na miejsce zadysponowano dwie jednostki stra\u017cy po\u017carnej, policj\u0119 oraz jedn\u0105 karetk\u0119. Drogi powiatu ostrowskiego miejscami by\u0142y \u015bliskie.<\/p>\n<div id='gallery-1' class='gallery galleryid-5510 gallery-columns-3 gallery-size-thumbnail'><figure class='gallery-item'>\n\t\t\t<div class='gallery-icon landscape'>\n\t\t\t\t<a href='https:\/\/ostrowskatv.pl\/?attachment_id=5509'><img loading=\"lazy\" decoding=\"async\" width=\"150\" height=\"150\" src=\"https:\/\/ostrowskatv.pl\/wp-content\/uploads\/2018\/01\/franklinow_kolizja2-1-150x150.jpg\" class=\"attachment-thumbnail size-thumbnail\" alt=\"\" \/><\/a>\n\t\t\t<\/div><\/figure><figure class='gallery-item'>\n\t\t\t<div class='gallery-icon landscape'>\n\t\t\t\t<a href='https:\/\/ostrowskatv.pl\/?attachment_id=5508'><img loading=\"lazy\" decoding=\"async\" width=\"150\" height=\"150\" src=\"https:\/\/ostrowskatv.pl\/wp-content\/uploads\/2018\/01\/franklinow_kolizja1-150x150.jpg\" class=\"attachment-thumbnail size-thumbnail\" alt=\"\" \/><\/a>\n\t\t\t<\/div><\/figure>\n\t\t<\/div>\n\n","protected":false},"excerpt":{"rendered":"W \u015brod\u0119 po godzinie 8 rano dosz\u0142o do zderzenia dw\u00f3ch aut osobowych. Kierowca Opla Vectry zje\u017cd\u017caj\u0105c z w\u0119z\u0142a Franklin\u00f3w straci\u0142 panowanie nad samochodem \n<a class=\"moretag\" href=\"https:\/\/ostrowskatv.pl\/?p=5510\"> [...]<\/a>","protected":false},"author":1,"featured_media":5509,"comment_status":"open","ping_status":"open","sticky":false,"template":"","format":"standard","meta":{"footnotes":""},"categories":[1],"tags":[87],"class_list":["post-5510","post","type-post","status-publish","format-standard","has-post-thumbnail","hentry","category-news","tag-franklinow"],"_links":{"self":[{"href":"https:\/\/ostrowskatv.pl\/index.php?rest_route=\/wp\/v2\/posts\/5510","targetHints":{"allow":["GET"]}}],"collection":[{"href":"https:\/\/ostrowskatv.pl\/index.php?rest_route=\/wp\/v2\/posts"}],"about":[{"href":"https:\/\/ostrowskatv.pl\/index.php?rest_route=\/wp\/v2\/types\/post"}],"author":[{"embeddable":true,"href":"https:\/\/ostrowskatv.pl\/index.php?rest_route=\/wp\/v2\/users\/1"}],"replies":[{"embeddable":true,"href":"https:\/\/ostrowskatv.pl\/index.php?rest_route=%2Fwp%2Fv2%2Fcomments&post=5510"}],"version-history":[{"count":0,"href":"https:\/\/ostrowskatv.pl\/index.php?rest_route=\/wp\/v2\/posts\/5510\/revisions"}],"wp:featuredmedia":[{"embeddable":true,"href":"https:\/\/ostrowskatv.pl\/index.php?rest_route=\/wp\/v2\/media\/5509"}],"wp:attachment":[{"href":"https:\/\/ostrowskatv.pl\/index.php?rest_route=%2Fwp%2Fv2%2Fmedia&parent=5510"}],"wp:term":[{"taxonomy":"category","embeddable":true,"href":"https:\/\/ostrowskatv.pl\/index.php?rest_route=%2Fwp%2Fv2%2Fcategories&post=5510"},{"taxonomy":"post_tag","embeddable":true,"href":"https:\/\/ostrowskatv.pl\/index.php?rest_route=%2Fwp%2Fv2%2Ftags&post=5510"}],"curies":[{"name":"wp","href":"https:\/\/api.w.org\/{rel}","templated":true}]}}