{"id":548,"date":"2016-03-07T21:03:12","date_gmt":"2016-03-07T20:03:12","guid":{"rendered":"http:\/\/ostrowska.tv\/?p=548"},"modified":"2016-03-07T21:28:54","modified_gmt":"2016-03-07T20:28:54","slug":"kto-i-za-ile-redaguje-miejska-gazete-to-tajemnica","status":"publish","type":"post","link":"https:\/\/ostrowskatv.pl\/?p=548","title":{"rendered":"Kto i za ile redaguje miejsk\u0105 gazet\u0119? To tajemnica"},"content":{"rendered":"<p><strong>Urz\u0105d Miejski w Ostrowie Wielkopolskim wydaje ju\u017c swoj\u0105 gazet\u0119. Cho\u0107 formalnie wydaje j\u0105 Ostrowski Park Przemys\u0142owy. Do mieszka\u0144c\u00f3w trafi\u0142 pierwszy numer informatora. Znamy tak\u017ce kwot\u0119, kt\u00f3r\u0105 miasto przeznaczy\u0142o na ten cel.<\/strong><\/p>\n<p>&#8211; <em>Ca\u0142kowity koszt przygotowania i wydania pierwszego numeru miesi\u0119cznika pt. &#8222;OSTR\u00d3W Informator miejski&#8221; wynosi: 7 624,22 z\u0142.<\/em> \u2013 informuje nas Miko\u0142aj Kostka, prezes sp\u00f3\u0142ki Ostrowski Park Przemys\u0142owy, kt\u00f3ra wydaje miejsk\u0105 gazet\u0119.<\/p>\n<p>W Urz\u0119dzie Miejskim pytali\u015bmy tak\u017ce, kto redaguje miejsk\u0105 gazet\u0119 (poza redaktorem naczelnym) i jaka jest wysoko\u015b\u0107 wynagrodzenia tej osoby. W tym przypadku jednak odpowiedzi si\u0119 nie doczekali\u015bmy. &#8211; <em>Informator redagowany jest przez pracownik\u00f3w sp\u00f3\u0142ki Ostrowski Park Przemys\u0142owy Sp. z o.o. Ich personalia oraz szczeg\u00f3\u0142owe dane odnosz\u0105ce si\u0119 do wysoko\u015bci wynagrodzenia stanowi\u0105 informacj\u0119 wewn\u0119trzn\u0105 przedsi\u0119biorstwa i nie podlegaj\u0105 upublicznieniu. Przedmiotowa informacja stanowi tajemnic\u0119 przedsi\u0119biorstwa, jak i osoby fizycznej zatrudnionej w sp\u00f3\u0142ce<\/em> &#8211; wyja\u015bnia Miko\u0142aj Kostka.<\/p>\n<p>To nie pierwszy raz, kiedy zarobki pracownik\u00f3w Urz\u0119du Miejskiego lub podleg\u0142ych miastu sp\u00f3\u0142ek s\u0105 ukrywane. Liczyli\u015bmy jednak, \u017ce tym razem poznamy chocia\u017c nazwiska os\u00f3b, kt\u00f3re odpowiadaj\u0105 za redagowanie miejskiej gazety. Nieoficjalnie m\u00f3wi si\u0119 o tym, \u017ce w tym gronie s\u0105 przedstawiciele ostrowskiego \u015brodowiska dziennikarskiego.<\/p>\n<p>Pozostaje mie\u0107 nadziej\u0119, \u017ce wydatki na miejsk\u0105 gazet\u0119 spowoduj\u0105 zmniejszenie nak\u0142ad\u00f3w Urz\u0119du Miejskiego na dzia\u0142ania promocyjne w innych mediach. A warto powiedzie\u0107, \u017ce tylko w grudniu ubieg\u0142ego roku miasto przela\u0142o oko\u0142o 20 000 z\u0142 publicznych pieni\u0119dzy na konto telewizji Proart. Wi\u0119cej informacji na ten temat pojawi si\u0119 jednak w oddzielnym materiale.<\/p>\n","protected":false},"excerpt":{"rendered":"Urz\u0105d Miejski w Ostrowie Wielkopolskim wydaje ju\u017c swoj\u0105 gazet\u0119. Cho\u0107 formalnie wydaje j\u0105 Ostrowski Park Przemys\u0142owy. Do mieszka\u0144c\u00f3w trafi\u0142 pierwszy numer informatora. Znamy \n<a class=\"moretag\" href=\"https:\/\/ostrowskatv.pl\/?p=548\"> [...]<\/a>","protected":false},"author":1,"featured_media":549,"comment_status":"open","ping_status":"open","sticky":false,"template":"","format":"standard","meta":{"footnotes":""},"categories":[1],"tags":[2],"class_list":["post-548","post","type-post","status-publish","format-standard","has-post-thumbnail","hentry","category-news","tag-ostrow-wielkopolski"],"_links":{"self":[{"href":"https:\/\/ostrowskatv.pl\/index.php?rest_route=\/wp\/v2\/posts\/548","targetHints":{"allow":["GET"]}}],"collection":[{"href":"https:\/\/ostrowskatv.pl\/index.php?rest_route=\/wp\/v2\/posts"}],"about":[{"href":"https:\/\/ostrowskatv.pl\/index.php?rest_route=\/wp\/v2\/types\/post"}],"author":[{"embeddable":true,"href":"https:\/\/ostrowskatv.pl\/index.php?rest_route=\/wp\/v2\/users\/1"}],"replies":[{"embeddable":true,"href":"https:\/\/ostrowskatv.pl\/index.php?rest_route=%2Fwp%2Fv2%2Fcomments&post=548"}],"version-history":[{"count":0,"href":"https:\/\/ostrowskatv.pl\/index.php?rest_route=\/wp\/v2\/posts\/548\/revisions"}],"wp:featuredmedia":[{"embeddable":true,"href":"https:\/\/ostrowskatv.pl\/index.php?rest_route=\/wp\/v2\/media\/549"}],"wp:attachment":[{"href":"https:\/\/ostrowskatv.pl\/index.php?rest_route=%2Fwp%2Fv2%2Fmedia&parent=548"}],"wp:term":[{"taxonomy":"category","embeddable":true,"href":"https:\/\/ostrowskatv.pl\/index.php?rest_route=%2Fwp%2Fv2%2Fcategories&post=548"},{"taxonomy":"post_tag","embeddable":true,"href":"https:\/\/ostrowskatv.pl\/index.php?rest_route=%2Fwp%2Fv2%2Ftags&post=548"}],"curies":[{"name":"wp","href":"https:\/\/api.w.org\/{rel}","templated":true}]}}