{"id":5419,"date":"2017-12-21T09:42:04","date_gmt":"2017-12-21T08:42:04","guid":{"rendered":"http:\/\/ostrowska.tv\/?p=5419"},"modified":"2017-12-21T11:32:45","modified_gmt":"2017-12-21T10:32:45","slug":"smieciarka-smiertelnie-potracila-kobiete","status":"publish","type":"post","link":"https:\/\/ostrowskatv.pl\/?p=5419","title":{"rendered":"\u015amieciarka \u015bmiertelnie potr\u0105ci\u0142a kobiet\u0119"},"content":{"rendered":"<p><strong>W deszczowy poranek dosz\u0142o do \u015bmiertelnego wypadku na ul. Kolejowej w Ostrowie Wlkp. Na przej\u015bciu dla pieszych z sygnalizacj\u0105 \u015bwietln\u0105 potr\u0105cona zosta\u0142a oko\u0142o kobieta <\/strong><\/p>\n<p>Ze wst\u0119pnych ustale\u0144 wynika, \u017ce kierowca \u015bmieciarki ruszy\u0142 na zielonym \u015bwietle i przejecha\u0142 po pieszej, kt\u00f3ra jego zdaniem musia\u0142a przechodzi\u0107 na czerwonym \u015bwietle. Obok kobiety le\u017ca\u0142 telefon kom\u00f3rkowy co mo\u017ce \u015bwiadczy\u0107 o tym, \u017ce w ostatnich sekundach rozmawia\u0142a przez niego. Kierowca ci\u0119\u017car\u00f3wki ma oko\u0142o 30 lat.<\/p>\n<div id='gallery-1' class='gallery galleryid-5419 gallery-columns-3 gallery-size-thumbnail'><figure class='gallery-item'>\n\t\t\t<div class='gallery-icon landscape'>\n\t\t\t\t<a href='https:\/\/ostrowskatv.pl\/?attachment_id=5420'><img loading=\"lazy\" decoding=\"async\" width=\"150\" height=\"150\" src=\"https:\/\/ostrowskatv.pl\/wp-content\/uploads\/2017\/12\/20171221_093013-150x150.jpg\" class=\"attachment-thumbnail size-thumbnail\" alt=\"\" \/><\/a>\n\t\t\t<\/div><\/figure><figure class='gallery-item'>\n\t\t\t<div class='gallery-icon landscape'>\n\t\t\t\t<a href='https:\/\/ostrowskatv.pl\/?attachment_id=5421'><img loading=\"lazy\" decoding=\"async\" width=\"150\" height=\"150\" src=\"https:\/\/ostrowskatv.pl\/wp-content\/uploads\/2017\/12\/20171221_092517-150x150.jpg\" class=\"attachment-thumbnail size-thumbnail\" alt=\"\" \/><\/a>\n\t\t\t<\/div><\/figure>\n\t\t<\/div>\n\n","protected":false},"excerpt":{"rendered":"W deszczowy poranek dosz\u0142o do \u015bmiertelnego wypadku na ul. Kolejowej w Ostrowie Wlkp. Na przej\u015bciu dla pieszych z sygnalizacj\u0105 \u015bwietln\u0105 potr\u0105cona zosta\u0142a oko\u0142o \n<a class=\"moretag\" href=\"https:\/\/ostrowskatv.pl\/?p=5419\"> [...]<\/a>","protected":false},"author":1,"featured_media":5420,"comment_status":"open","ping_status":"open","sticky":false,"template":"","format":"standard","meta":{"footnotes":""},"categories":[1],"tags":[2],"class_list":["post-5419","post","type-post","status-publish","format-standard","has-post-thumbnail","hentry","category-news","tag-ostrow-wielkopolski"],"_links":{"self":[{"href":"https:\/\/ostrowskatv.pl\/index.php?rest_route=\/wp\/v2\/posts\/5419","targetHints":{"allow":["GET"]}}],"collection":[{"href":"https:\/\/ostrowskatv.pl\/index.php?rest_route=\/wp\/v2\/posts"}],"about":[{"href":"https:\/\/ostrowskatv.pl\/index.php?rest_route=\/wp\/v2\/types\/post"}],"author":[{"embeddable":true,"href":"https:\/\/ostrowskatv.pl\/index.php?rest_route=\/wp\/v2\/users\/1"}],"replies":[{"embeddable":true,"href":"https:\/\/ostrowskatv.pl\/index.php?rest_route=%2Fwp%2Fv2%2Fcomments&post=5419"}],"version-history":[{"count":0,"href":"https:\/\/ostrowskatv.pl\/index.php?rest_route=\/wp\/v2\/posts\/5419\/revisions"}],"wp:featuredmedia":[{"embeddable":true,"href":"https:\/\/ostrowskatv.pl\/index.php?rest_route=\/wp\/v2\/media\/5420"}],"wp:attachment":[{"href":"https:\/\/ostrowskatv.pl\/index.php?rest_route=%2Fwp%2Fv2%2Fmedia&parent=5419"}],"wp:term":[{"taxonomy":"category","embeddable":true,"href":"https:\/\/ostrowskatv.pl\/index.php?rest_route=%2Fwp%2Fv2%2Fcategories&post=5419"},{"taxonomy":"post_tag","embeddable":true,"href":"https:\/\/ostrowskatv.pl\/index.php?rest_route=%2Fwp%2Fv2%2Ftags&post=5419"}],"curies":[{"name":"wp","href":"https:\/\/api.w.org\/{rel}","templated":true}]}}