{"id":5409,"date":"2017-12-20T20:13:37","date_gmt":"2017-12-20T19:13:37","guid":{"rendered":"http:\/\/ostrowska.tv\/?p=5409"},"modified":"2017-12-20T20:25:08","modified_gmt":"2017-12-20T19:25:08","slug":"znaleziono-zwloki-z-rana-postrzalowa","status":"publish","type":"post","link":"https:\/\/ostrowskatv.pl\/?p=5409","title":{"rendered":"Znaleziono zw\u0142oki z ran\u0105 postrza\u0142ow\u0105"},"content":{"rendered":"<p><strong>W \u015brod\u0119 w godzinach popo\u0142udniowych znaleziono zw\u0142oki m\u0119\u017cczyzny z ran\u0105 postrza\u0142ow\u0105. Cia\u0142o m\u0119\u017cczyzny znajdowa\u0142o si\u0119 w czarnym BMW niedaleko Micha\u0142kowa, na \u015blepym odcinku dawnej drogi prowadz\u0105cej do DK11. Denat by\u0142 zamkni\u0119ty w \u015brodku.<\/strong><\/p>\n<p>Postanowiono wybi\u0107 boczn\u0105 szyb\u0119 od kierowcy by dosta\u0107 si\u0119 do \u015brodka. W aucie znajdowa\u0142a si\u0119 bro\u0144 czarnoprochowa, na kt\u00f3r\u0105 nie jest potrzebne zezwolenie. Na pocz\u0105tku nie wykluczano morderstwa. W tym celu na miejsce \u015bci\u0105gni\u0119to oko\u0142o 30 funkcjonariuszy, w tym specjaln\u0105 grup\u0119 kryminalnych z Poznania.<\/p>\n<p>Po ogl\u0119dzinach i stwierdzeniu oczywistych fakt\u00f3w, zacz\u0119to sk\u0142ania\u0107 si\u0119 ku wersji m\u00f3wi\u0105cej o tym, \u017ce m\u0119\u017cczyzna pope\u0142ni\u0142 samob\u00f3jstwo. Nieoficjalnie uda\u0142o si\u0119 dowiedzie\u0107, \u017ce jest to mieszkaniec powiatu ostrowskiego, a samoch\u00f3d, cho\u0107 na pozna\u0144skich tablicach rejestracyjnych, zosta\u0142 kupiony i nieprzerejestrowany.<\/p>\n<p>Cia\u0142o zosta\u0142o zabezpieczone do szczeg\u00f3\u0142owej sekcji zw\u0142ok. Wiek m\u0119\u017cczyzny to oko\u0142o 35-letni.<\/p>\n<div id='gallery-1' class='gallery galleryid-5409 gallery-columns-3 gallery-size-thumbnail'><figure class='gallery-item'>\n\t\t\t<div class='gallery-icon landscape'>\n\t\t\t\t<a href='https:\/\/ostrowskatv.pl\/?attachment_id=5410'><img loading=\"lazy\" decoding=\"async\" width=\"150\" height=\"150\" src=\"https:\/\/ostrowskatv.pl\/wp-content\/uploads\/2017\/12\/michalkow_zwloki_01-150x150.jpg\" class=\"attachment-thumbnail size-thumbnail\" alt=\"\" \/><\/a>\n\t\t\t<\/div><\/figure><figure class='gallery-item'>\n\t\t\t<div class='gallery-icon landscape'>\n\t\t\t\t<a href='https:\/\/ostrowskatv.pl\/?attachment_id=5411'><img loading=\"lazy\" decoding=\"async\" width=\"150\" height=\"150\" src=\"https:\/\/ostrowskatv.pl\/wp-content\/uploads\/2017\/12\/michalkow_zwloki_02-150x150.jpg\" class=\"attachment-thumbnail size-thumbnail\" alt=\"\" \/><\/a>\n\t\t\t<\/div><\/figure><figure class='gallery-item'>\n\t\t\t<div class='gallery-icon landscape'>\n\t\t\t\t<a href='https:\/\/ostrowskatv.pl\/?attachment_id=5412'><img loading=\"lazy\" decoding=\"async\" width=\"150\" height=\"150\" src=\"https:\/\/ostrowskatv.pl\/wp-content\/uploads\/2017\/12\/michalkow_zwloki_05-150x150.jpg\" class=\"attachment-thumbnail size-thumbnail\" alt=\"\" \/><\/a>\n\t\t\t<\/div><\/figure><figure class='gallery-item'>\n\t\t\t<div class='gallery-icon landscape'>\n\t\t\t\t<a href='https:\/\/ostrowskatv.pl\/?attachment_id=5413'><img loading=\"lazy\" decoding=\"async\" width=\"150\" height=\"150\" src=\"https:\/\/ostrowskatv.pl\/wp-content\/uploads\/2017\/12\/michalkow_zwloki_07-150x150.jpg\" class=\"attachment-thumbnail size-thumbnail\" alt=\"\" \/><\/a>\n\t\t\t<\/div><\/figure><figure class='gallery-item'>\n\t\t\t<div class='gallery-icon landscape'>\n\t\t\t\t<a href='https:\/\/ostrowskatv.pl\/?attachment_id=5414'><img loading=\"lazy\" decoding=\"async\" width=\"150\" height=\"150\" src=\"https:\/\/ostrowskatv.pl\/wp-content\/uploads\/2017\/12\/michalkow_zwloki_08-150x150.jpg\" class=\"attachment-thumbnail size-thumbnail\" alt=\"\" \/><\/a>\n\t\t\t<\/div><\/figure><figure class='gallery-item'>\n\t\t\t<div class='gallery-icon landscape'>\n\t\t\t\t<a href='https:\/\/ostrowskatv.pl\/?attachment_id=5415'><img loading=\"lazy\" decoding=\"async\" width=\"150\" height=\"150\" src=\"https:\/\/ostrowskatv.pl\/wp-content\/uploads\/2017\/12\/michalkow_zwloki_016-150x150.jpg\" class=\"attachment-thumbnail size-thumbnail\" alt=\"\" \/><\/a>\n\t\t\t<\/div><\/figure>\n\t\t<\/div>\n\n<p><iframe loading=\"lazy\" src=\"https:\/\/www.google.com\/maps\/embed?pb=!1m21!1m12!1m3!1d5691.581591790899!2d17.823422620657034!3d51.704884903938556!2m3!1f0!2f0!3f0!3m2!1i1024!2i768!4f13.1!4m6!3e6!4m3!3m2!1d51.7068693!2d17.8214841!4m0!5e1!3m2!1spl!2spl!4v1513797836491\" width=\"600\" height=\"450\" frameborder=\"0\" style=\"border:0\" allowfullscreen><\/iframe><\/p>\n","protected":false},"excerpt":{"rendered":"W \u015brod\u0119 w godzinach popo\u0142udniowych znaleziono zw\u0142oki m\u0119\u017cczyzny z ran\u0105 postrza\u0142ow\u0105. Cia\u0142o m\u0119\u017cczyzny znajdowa\u0142o si\u0119 w czarnym BMW niedaleko Micha\u0142kowa, na \u015blepym odcinku \n<a class=\"moretag\" href=\"https:\/\/ostrowskatv.pl\/?p=5409\"> [...]<\/a>","protected":false},"author":1,"featured_media":5410,"comment_status":"open","ping_status":"open","sticky":false,"template":"","format":"standard","meta":{"footnotes":""},"categories":[1],"tags":[102],"class_list":["post-5409","post","type-post","status-publish","format-standard","has-post-thumbnail","hentry","category-news","tag-michalkow"],"_links":{"self":[{"href":"https:\/\/ostrowskatv.pl\/index.php?rest_route=\/wp\/v2\/posts\/5409","targetHints":{"allow":["GET"]}}],"collection":[{"href":"https:\/\/ostrowskatv.pl\/index.php?rest_route=\/wp\/v2\/posts"}],"about":[{"href":"https:\/\/ostrowskatv.pl\/index.php?rest_route=\/wp\/v2\/types\/post"}],"author":[{"embeddable":true,"href":"https:\/\/ostrowskatv.pl\/index.php?rest_route=\/wp\/v2\/users\/1"}],"replies":[{"embeddable":true,"href":"https:\/\/ostrowskatv.pl\/index.php?rest_route=%2Fwp%2Fv2%2Fcomments&post=5409"}],"version-history":[{"count":0,"href":"https:\/\/ostrowskatv.pl\/index.php?rest_route=\/wp\/v2\/posts\/5409\/revisions"}],"wp:featuredmedia":[{"embeddable":true,"href":"https:\/\/ostrowskatv.pl\/index.php?rest_route=\/wp\/v2\/media\/5410"}],"wp:attachment":[{"href":"https:\/\/ostrowskatv.pl\/index.php?rest_route=%2Fwp%2Fv2%2Fmedia&parent=5409"}],"wp:term":[{"taxonomy":"category","embeddable":true,"href":"https:\/\/ostrowskatv.pl\/index.php?rest_route=%2Fwp%2Fv2%2Fcategories&post=5409"},{"taxonomy":"post_tag","embeddable":true,"href":"https:\/\/ostrowskatv.pl\/index.php?rest_route=%2Fwp%2Fv2%2Ftags&post=5409"}],"curies":[{"name":"wp","href":"https:\/\/api.w.org\/{rel}","templated":true}]}}