{"id":5388,"date":"2017-12-15T10:42:00","date_gmt":"2017-12-15T09:42:00","guid":{"rendered":"http:\/\/ostrowska.tv\/?p=5388"},"modified":"2017-12-15T14:36:50","modified_gmt":"2017-12-15T13:36:50","slug":"matka-z-dzieckiem-ciezko-ranne-wypadek-kolo-granowca","status":"publish","type":"post","link":"https:\/\/ostrowskatv.pl\/?p=5388","title":{"rendered":"Matka z dzieckiem ci\u0119\u017cko ranne. Wypadek w Granowcu (aktualizacja)"},"content":{"rendered":"<p><strong>W pi\u0105tek oko\u0142o 8:30 dosz\u0142o do powa\u017cnego wypadku. Na trasie So\u015bnie-Granowiec Volkswagen Passat wypad\u0142 z drogi i bokiem uderzy\u0142 w drzewo. Uszkodzenia by\u0142y na tyle mocne, \u017ce stra\u017cacy musieli u\u017cy\u0107 sprz\u0119tu hydraulicznego do uwolnienia podr\u00f3\u017cuj\u0105cych os\u00f3b tj. kobiety i jej 14-letniej\u00a0 c\u00f3rki.<\/strong><\/p>\n<p>Na miejsce poza stra\u017cakami, policj\u0105 i karetk\u0105, zadysponowano r\u00f3wnie\u017c \u015bmig\u0142owiec LPR. Transportowano nim kobiet\u0119, kt\u00f3ra dozna\u0142a urazu klatki piersiowej i g\u0142owy.<\/p>\n<p>Przyczyny wypadku wyja\u015bnia policja. Wed\u0142ug wst\u0119pnych informacji na jezdni by\u0142a go\u0142oled\u017a. Auto, kt\u00f3rym jecha\u0142y matka z c\u00f3rk\u0105 mia\u0142o opony zimowe.<\/p>\n<p>Aktualizacja:<\/p>\n<p>14-latka przebywa na oddziale intensywnej terapii dzieci\u0119cej w ostrowskim szpitalu. Wst\u0119pnie stwierdzono st\u0142uczenie m\u00f3zgu i p\u0142uca. Przebywa pod respiratorem. Nie by\u0142a konieczna operacja.<\/p>\n<div id='gallery-1' class='gallery galleryid-5388 gallery-columns-3 gallery-size-thumbnail'><figure class='gallery-item'>\n\t\t\t<div class='gallery-icon landscape'>\n\t\t\t\t<a href='https:\/\/ostrowskatv.pl\/?attachment_id=5389'><img loading=\"lazy\" decoding=\"async\" width=\"150\" height=\"150\" src=\"https:\/\/ostrowskatv.pl\/wp-content\/uploads\/2017\/12\/granowiec_sosnie1-150x150.jpg\" class=\"attachment-thumbnail size-thumbnail\" alt=\"\" \/><\/a>\n\t\t\t<\/div><\/figure><figure class='gallery-item'>\n\t\t\t<div class='gallery-icon landscape'>\n\t\t\t\t<a href='https:\/\/ostrowskatv.pl\/?attachment_id=5390'><img loading=\"lazy\" decoding=\"async\" width=\"150\" height=\"150\" src=\"https:\/\/ostrowskatv.pl\/wp-content\/uploads\/2017\/12\/granowiec_sosnie3-150x150.jpg\" class=\"attachment-thumbnail size-thumbnail\" alt=\"\" \/><\/a>\n\t\t\t<\/div><\/figure><figure class='gallery-item'>\n\t\t\t<div class='gallery-icon landscape'>\n\t\t\t\t<a href='https:\/\/ostrowskatv.pl\/?attachment_id=5391'><img loading=\"lazy\" decoding=\"async\" width=\"150\" height=\"150\" src=\"https:\/\/ostrowskatv.pl\/wp-content\/uploads\/2017\/12\/granowiec_sosnie4-150x150.jpg\" class=\"attachment-thumbnail size-thumbnail\" alt=\"\" \/><\/a>\n\t\t\t<\/div><\/figure><figure class='gallery-item'>\n\t\t\t<div class='gallery-icon landscape'>\n\t\t\t\t<a href='https:\/\/ostrowskatv.pl\/?attachment_id=5392'><img loading=\"lazy\" decoding=\"async\" width=\"150\" height=\"150\" src=\"https:\/\/ostrowskatv.pl\/wp-content\/uploads\/2017\/12\/granowiec_sosnie5-150x150.jpg\" class=\"attachment-thumbnail size-thumbnail\" alt=\"\" \/><\/a>\n\t\t\t<\/div><\/figure><figure class='gallery-item'>\n\t\t\t<div class='gallery-icon landscape'>\n\t\t\t\t<a href='https:\/\/ostrowskatv.pl\/?attachment_id=5393'><img loading=\"lazy\" decoding=\"async\" width=\"150\" height=\"150\" src=\"https:\/\/ostrowskatv.pl\/wp-content\/uploads\/2017\/12\/granowiec_sosnie6-150x150.jpg\" class=\"attachment-thumbnail size-thumbnail\" alt=\"\" \/><\/a>\n\t\t\t<\/div><\/figure><figure class='gallery-item'>\n\t\t\t<div class='gallery-icon landscape'>\n\t\t\t\t<a href='https:\/\/ostrowskatv.pl\/?attachment_id=5397'><img loading=\"lazy\" decoding=\"async\" width=\"150\" height=\"150\" src=\"https:\/\/ostrowskatv.pl\/wp-content\/uploads\/2017\/12\/granowiec_sosnie7-150x150.jpg\" class=\"attachment-thumbnail size-thumbnail\" alt=\"\" \/><\/a>\n\t\t\t<\/div><\/figure><figure class='gallery-item'>\n\t\t\t<div class='gallery-icon landscape'>\n\t\t\t\t<a href='https:\/\/ostrowskatv.pl\/?attachment_id=5399'><img loading=\"lazy\" decoding=\"async\" width=\"150\" height=\"150\" src=\"https:\/\/ostrowskatv.pl\/wp-content\/uploads\/2017\/12\/granowiec_sosnie8-1-150x150.jpg\" class=\"attachment-thumbnail size-thumbnail\" alt=\"\" \/><\/a>\n\t\t\t<\/div><\/figure>\n\t\t<\/div>\n\n","protected":false},"excerpt":{"rendered":"W pi\u0105tek oko\u0142o 8:30 dosz\u0142o do powa\u017cnego wypadku. Na trasie So\u015bnie-Granowiec Volkswagen Passat wypad\u0142 z drogi i bokiem uderzy\u0142 w drzewo. Uszkodzenia by\u0142y \n<a class=\"moretag\" href=\"https:\/\/ostrowskatv.pl\/?p=5388\"> [...]<\/a>","protected":false},"author":1,"featured_media":5392,"comment_status":"open","ping_status":"open","sticky":false,"template":"","format":"standard","meta":{"footnotes":""},"categories":[1],"tags":[108],"class_list":["post-5388","post","type-post","status-publish","format-standard","has-post-thumbnail","hentry","category-news","tag-granowiec"],"_links":{"self":[{"href":"https:\/\/ostrowskatv.pl\/index.php?rest_route=\/wp\/v2\/posts\/5388","targetHints":{"allow":["GET"]}}],"collection":[{"href":"https:\/\/ostrowskatv.pl\/index.php?rest_route=\/wp\/v2\/posts"}],"about":[{"href":"https:\/\/ostrowskatv.pl\/index.php?rest_route=\/wp\/v2\/types\/post"}],"author":[{"embeddable":true,"href":"https:\/\/ostrowskatv.pl\/index.php?rest_route=\/wp\/v2\/users\/1"}],"replies":[{"embeddable":true,"href":"https:\/\/ostrowskatv.pl\/index.php?rest_route=%2Fwp%2Fv2%2Fcomments&post=5388"}],"version-history":[{"count":0,"href":"https:\/\/ostrowskatv.pl\/index.php?rest_route=\/wp\/v2\/posts\/5388\/revisions"}],"wp:featuredmedia":[{"embeddable":true,"href":"https:\/\/ostrowskatv.pl\/index.php?rest_route=\/wp\/v2\/media\/5392"}],"wp:attachment":[{"href":"https:\/\/ostrowskatv.pl\/index.php?rest_route=%2Fwp%2Fv2%2Fmedia&parent=5388"}],"wp:term":[{"taxonomy":"category","embeddable":true,"href":"https:\/\/ostrowskatv.pl\/index.php?rest_route=%2Fwp%2Fv2%2Fcategories&post=5388"},{"taxonomy":"post_tag","embeddable":true,"href":"https:\/\/ostrowskatv.pl\/index.php?rest_route=%2Fwp%2Fv2%2Ftags&post=5388"}],"curies":[{"name":"wp","href":"https:\/\/api.w.org\/{rel}","templated":true}]}}