{"id":538,"date":"2016-03-07T10:10:22","date_gmt":"2016-03-07T09:10:22","guid":{"rendered":"http:\/\/ostrowska.tv\/?p=538"},"modified":"2016-03-07T11:05:13","modified_gmt":"2016-03-07T10:05:13","slug":"transparentnosc-wg-beaty-klimek-prawda-czy-fikcja","status":"publish","type":"post","link":"https:\/\/ostrowskatv.pl\/?p=538","title":{"rendered":"Transparentno\u015b\u0107 wg Beaty Klimek. Prawda czy fikcja?"},"content":{"rendered":"<p><strong>Radni klubu Platformy Obywatelskiej twierdz\u0105, \u017ce Beata Klimek regularnie odmawia im dost\u0119pu do odpowiedzi na zadawane pytania. Ten problem ma dotyczy\u0107 przede wszystkim dzia\u0142alno\u015bci sp\u00f3\u0142ek miejskich, kt\u00f3rych zarz\u0105dzanie budzi w\u0105tpliwo\u015bci.<\/strong><\/p>\n<p>Radni PO s\u0105 wobec prezydent bardzo krytyczni. &#8211; <em>Transparentno\u015b\u0107 odk\u0105d prezydentem Ostrowa Wielkopolskiego jest <strong>Beat Klimek<\/strong> jest raczej pozorna ni\u017c faktyczna<\/em> \u2013 przekonuje <strong>Jakub Paduch.<\/strong> W jego ocenie problemy z transparentno\u015bci\u0105 s\u0105 od samego pocz\u0105tku kadencji <strong>Beaty Klimek<\/strong>. &#8211; J<em>u\u017c wtedy pyta\u0142em o wynagrodzenie doradcy pani prezydent. Dla mnie ten etat by\u0142 zawsze zb\u0119dny. Uwa\u017ca\u0142em, \u017ce pieni\u0105dze z tego tytu\u0142u lepiej przeznaczy\u0107 na chodniki czy inne programy. Pani<strong> Beata Klimek<\/strong> konsekwentnie jednak brnie w to, \u017ce wynagrodzenie doradcy jest jego dobrem osobistym, wi\u0119c go nie udost\u0119pni. Takiej praktyki nie stosuje jej progresywny kolega ze S\u0142upska pan <strong>Robert Biedro\u0144<\/strong>, kt\u00f3ry upubliczni\u0142 wynagrodzenia wszystkich urz\u0119dnik\u00f3w. Co ciekawe, nie doczepi\u0142 si\u0119 do tego nawet Generalny Inspektor Ochrony Danych Osobowych, kt\u00f3ry uzna\u0142, \u017ce to neutralna pod k\u0105tem prawnym praktyka. Ta sprawa jest dzi\u015b w Wojew\u00f3dzkim S\u0105dzie Administracyjnym w Poznaniu<\/em> \u2013 wyja\u015bnia <strong>Paduch<\/strong>.<\/p>\n<p>Najwi\u0119cej zarzut\u00f3w pada jednak w kontek\u015bcie dzia\u0142alno\u015bci sp\u00f3\u0142ek miejskich. Radni z opozycji twierdz\u0105, \u017ce <strong>prezydent Ostrowa Wielkopolskiego szuka r\u00f3\u017cnych sposob\u00f3w, \u017ceby ucieka\u0107 od odpowiedzi na kluczowe pytania<\/strong>. &#8211;<em> Co rusz, kiedy zadajemy pytanie dotycz\u0105ce nowego pracownika czy wydatk\u00f3w, dostajemy odpowied\u017a, \u017ce nie mo\u017cemy si\u0119 tego dowiedzie\u0107, bo sp\u00f3\u0142ka ma swoje organy, kt\u00f3rymi s\u0105 rady nadzorcze i do nich kierowane powinno by\u0107 zapytanie. Kiedy pod\u0105\u017camy za t\u0105 sugesti\u0105, to s\u0142yszymy, \u017ce nie mamy takiego prawa i jeste\u015bmy kierowani znowu do prezydenta. Ko\u0142o si\u0119 zamyka \u2013 wyja\u015bnia Jakub Paduch. &#8211; Beata Klimek ma sw\u00f3j spos\u00f3b. Je\u015bli radny za du\u017co pyta, to wtedy pr\u00f3buje po\u0142\u0105czy\u0107 do z jak\u0105\u015b teori\u0105 spiskow\u0105 i doszukuje si\u0119 drugiego dna<\/em> \u2013 wt\u00f3ruje mu radna <strong>Milena Kowalska<\/strong>, kt\u00f3ra podaje tak\u017ce kolejne przyk\u0142ady sprzeczne z zasad\u0105 transparentno\u015bci.<\/p>\n<p>&#8211; <em>Pyta\u0142am o fundusz rekultywacyjny. Prezes odm\u00f3wi\u0142 mi informacji, sugeruj\u0105c jakie\u015b powi\u0105zania. W tym temacie b\u0119dzie toczy\u0107 si\u0119 zreszt\u0105 sprawa w s\u0105dzie. To tylko jeden z przyk\u0142ad\u00f3w. Jest ich znacznie wi\u0119cej. Na jednej z komisji merytorycznych podejmowali\u015bmy decyzje dotycz\u0105ce MZGM-u. Poprosi\u0142am wtedy prezesa o sprawozdanie, \u017ceby przygotowa\u0107 pewne prognozy i by\u0107 mo\u017ce zmieni\u0107 strategi\u0119. Dzi\u0119ki temu mo\u017cliwe by\u0142oby mi\u0119dzy innymi wydzielenie kolejnych toalet w mieszkaniach. Niestety, odm\u00f3wiono mi takich danych<\/em> \u2013 dodaje <strong>Kowalska.<\/strong><\/p>\n<p>Nieco inaczej temat widz\u0105 radni z koalicji.<strong> \u0141ukasz J\u0119drzejak<\/strong> przekonuje, \u017ce w por\u00f3wnaniu do kadencji <strong>Jaros\u0142awa Urbaniaka<\/strong> mamy do czynienia ze znacz\u0105c\u0105 popraw\u0105. &#8211;<em> W ubieg\u0142ej kadencji by\u0142em w opozycji, a teraz jestem koalicjantem. Wcze\u015bniej zdarza\u0142y si\u0119 momenty, \u017ce nie otrzymywali\u015bmy stuprocentowych informacji na zadawane pytania. Teraz te\u017c z ca\u0142\u0105 pewno\u015bci\u0105 jest r\u00f3\u017cnie, ale bardzo wiele zale\u017cy od pytaj\u0105cego i tego, co chce us\u0142ysze\u0107. Niekt\u00f3rzy chc\u0105 dosta\u0107 tez\u0119 pod swoje pytanie i kiedy to si\u0119 nie udaje, to twierdz\u0105, \u017ce nie otrzymali zadowalaj\u0105cej odpowiedzi. W tej kadencji jest jednak troch\u0119 lepiej. Na wniosek klubu radnych Platformy Obywatelskiej powsta\u0142 przecie\u017c rejestr um\u00f3w, do kt\u00f3rego ka\u017cdy ma dost\u0119p. Tego nie by\u0142o w poprzedniej kadencji. To zmiana na lepsze<\/em> \u2013 przekonuje <strong>J\u0119drzejak.<\/strong><\/p>\n<p>Radny twierdzi, \u017ce rejestr um\u00f3w to osi\u0105gni\u0119cie<strong> Beaty Klimek<\/strong>. Opozycja je&#8230; krytykuje. &#8211; <em>Dosz\u0142y mnie s\u0142uchy, \u017ce cz\u0119\u015b\u0107 wydatk\u00f3w Urz\u0119du Miejskiego nie jest ujmowana w tym rejestrze. Postanowi\u0142em to zweryfikowa\u0107. Okaza\u0142o si\u0119, \u017ce to prawda. W uchwale brakuje najwa\u017cniejszego zapisu, kt\u00f3ry regulowa\u0142by, jakie pozycje powinny znale\u017a\u0107 si\u0119 w ca\u0142ym zestawieniu. Prezydent upublicznia umowy, ale nie robi ju\u017c tego w przypadku faktur, kt\u00f3re wynikaj\u0105 z um\u00f3w lub zam\u00f3wie\u0144 ustnych. A takich <strong>dokument\u00f3w pozaumownych jest oko\u0142o 180-190 w skali miesi\u0105ca<\/strong>. <strong>To pokazuje nam skal\u0119 problemu. Wi\u0119kszo\u015b\u0107 wydatk\u00f3w jest nadal niejawna<\/strong><\/em> \u2013 przekonuje <strong>Jakub Paduch.<\/strong><\/p>\n<div style=\"width: 640px;\" class=\"wp-video\"><video class=\"wp-video-shortcode\" id=\"video-538-1\" width=\"640\" height=\"480\" preload=\"metadata\" controls=\"controls\"><source type=\"video\/mp4\" src=\"http:\/\/ostrowska.tv\/wp-content\/uploads\/2016\/03\/radni-transparentnosc.mp4?_=1\" \/><a href=\"http:\/\/ostrowska.tv\/wp-content\/uploads\/2016\/03\/radni-transparentnosc.mp4\">http:\/\/ostrowska.tv\/wp-content\/uploads\/2016\/03\/radni-transparentnosc.mp4<\/a><\/video><\/div>\n<p>Zarzuty klubu radnych Platformy Obywatelskiej w najbli\u017cszych dniach zamierzamy przedstawi\u0107 prezydent naszego miasta i poprosi\u0107 w tej sprawie o konkretn\u0105 odpowied\u017a. W tym czasie zach\u0119camy Pa\u0144stwa do dyskusji w komentarzach.<\/p>\n<p><strong>Czy w Ostrowie Wielkopolskim mo\u017cna m\u00f3wi\u0107 o transparentnym zarz\u0105dzaniu? Czy pod tym wzgl\u0119dem jest poprawa w por\u00f3wnaniu do kadencji prezydenta Jaros\u0142awa Urbaniaka?<\/strong><\/p>\n","protected":false},"excerpt":{"rendered":"Radni klubu Platformy Obywatelskiej twierdz\u0105, \u017ce Beata Klimek regularnie odmawia im dost\u0119pu do odpowiedzi na zadawane pytania. Ten problem ma dotyczy\u0107 przede wszystkim \n<a class=\"moretag\" href=\"https:\/\/ostrowskatv.pl\/?p=538\"> [...]<\/a>","protected":false},"author":1,"featured_media":539,"comment_status":"open","ping_status":"open","sticky":false,"template":"","format":"standard","meta":{"footnotes":""},"categories":[1],"tags":[60],"class_list":["post-538","post","type-post","status-publish","format-standard","has-post-thumbnail","hentry","category-news","tag-pieniadze"],"_links":{"self":[{"href":"https:\/\/ostrowskatv.pl\/index.php?rest_route=\/wp\/v2\/posts\/538","targetHints":{"allow":["GET"]}}],"collection":[{"href":"https:\/\/ostrowskatv.pl\/index.php?rest_route=\/wp\/v2\/posts"}],"about":[{"href":"https:\/\/ostrowskatv.pl\/index.php?rest_route=\/wp\/v2\/types\/post"}],"author":[{"embeddable":true,"href":"https:\/\/ostrowskatv.pl\/index.php?rest_route=\/wp\/v2\/users\/1"}],"replies":[{"embeddable":true,"href":"https:\/\/ostrowskatv.pl\/index.php?rest_route=%2Fwp%2Fv2%2Fcomments&post=538"}],"version-history":[{"count":0,"href":"https:\/\/ostrowskatv.pl\/index.php?rest_route=\/wp\/v2\/posts\/538\/revisions"}],"wp:featuredmedia":[{"embeddable":true,"href":"https:\/\/ostrowskatv.pl\/index.php?rest_route=\/wp\/v2\/media\/539"}],"wp:attachment":[{"href":"https:\/\/ostrowskatv.pl\/index.php?rest_route=%2Fwp%2Fv2%2Fmedia&parent=538"}],"wp:term":[{"taxonomy":"category","embeddable":true,"href":"https:\/\/ostrowskatv.pl\/index.php?rest_route=%2Fwp%2Fv2%2Fcategories&post=538"},{"taxonomy":"post_tag","embeddable":true,"href":"https:\/\/ostrowskatv.pl\/index.php?rest_route=%2Fwp%2Fv2%2Ftags&post=538"}],"curies":[{"name":"wp","href":"https:\/\/api.w.org\/{rel}","templated":true}]}}