{"id":5373,"date":"2017-12-11T11:49:54","date_gmt":"2017-12-11T10:49:54","guid":{"rendered":"http:\/\/ostrowska.tv\/?p=5373"},"modified":"2017-12-11T11:49:54","modified_gmt":"2017-12-11T10:49:54","slug":"wybuch-gazu-w-wielowsi","status":"publish","type":"post","link":"https:\/\/ostrowskatv.pl\/?p=5373","title":{"rendered":"Wybuch gazu w Wielowsi"},"content":{"rendered":"<p><strong>W poniedzia\u0142ek oko\u0142o 8:30 dosz\u0142o do wybuchu gazu w domu mieszkalnym w Wielowsi (powiat ostrowski). W momencie wybuchu w \u015brodku znajdowa\u0142a si\u0119 89-letnia kobieta oraz ok. 10-letni ch\u0142opiec. Kobiet\u0119 z poparzeniami drugiego stopnia twarzy, szyi oraz d\u0142oni zabrano do ostrowskiego szpitala, gdzie najpewniej sp\u0119dzi 3 dni. <\/strong><\/p>\n<p>Lekarz nie stwierdzi\u0142 potrzeby hospitalizowania ch\u0142opca przebywaj\u0105cego w domu w chwili wybuchu. Na miejsce zadysponowano jednostki stra\u017cy po\u017carnej z powiatu ostrowskiego i Kalisza. <\/p>\n<p>Wybuch rozsadzi\u0142 od \u015brodka dwie zewn\u0119trzne \u015bciany budynku na pierwszym pi\u0119trze. Podj\u0119to decyzj\u0119 o wykorzystaniu tzw. stempli maj\u0105cych podtrzymywa\u0107 konstrukcj\u0119 przed ewentualnym zawaleniem si\u0119 dachu. Wed\u0142ug wst\u0119pnych opinii, ca\u0142y budynek b\u0119dzie musia\u0142 by\u0107 rozebrany z uwagi na olbrzymie uszkodzenia.<\/p>\n<div id='gallery-1' class='gallery galleryid-5373 gallery-columns-3 gallery-size-thumbnail'><figure class='gallery-item'>\n\t\t\t<div class='gallery-icon landscape'>\n\t\t\t\t<a href='https:\/\/ostrowskatv.pl\/?attachment_id=5374'><img loading=\"lazy\" decoding=\"async\" width=\"150\" height=\"150\" src=\"https:\/\/ostrowskatv.pl\/wp-content\/uploads\/2017\/12\/wielowies_wybuch_01-150x150.jpg\" class=\"attachment-thumbnail size-thumbnail\" alt=\"\" \/><\/a>\n\t\t\t<\/div><\/figure><figure class='gallery-item'>\n\t\t\t<div class='gallery-icon landscape'>\n\t\t\t\t<a href='https:\/\/ostrowskatv.pl\/?attachment_id=5375'><img loading=\"lazy\" decoding=\"async\" width=\"150\" height=\"150\" src=\"https:\/\/ostrowskatv.pl\/wp-content\/uploads\/2017\/12\/wielowies_wybuch_02-150x150.jpg\" class=\"attachment-thumbnail size-thumbnail\" alt=\"\" \/><\/a>\n\t\t\t<\/div><\/figure><figure class='gallery-item'>\n\t\t\t<div class='gallery-icon landscape'>\n\t\t\t\t<a href='https:\/\/ostrowskatv.pl\/?attachment_id=5376'><img loading=\"lazy\" decoding=\"async\" width=\"150\" height=\"150\" src=\"https:\/\/ostrowskatv.pl\/wp-content\/uploads\/2017\/12\/wielowies_wybuch_03-150x150.jpg\" class=\"attachment-thumbnail size-thumbnail\" alt=\"\" \/><\/a>\n\t\t\t<\/div><\/figure><figure class='gallery-item'>\n\t\t\t<div class='gallery-icon landscape'>\n\t\t\t\t<a href='https:\/\/ostrowskatv.pl\/?attachment_id=5377'><img loading=\"lazy\" decoding=\"async\" width=\"150\" height=\"150\" src=\"https:\/\/ostrowskatv.pl\/wp-content\/uploads\/2017\/12\/wielowies_wybuch_04-150x150.jpg\" class=\"attachment-thumbnail size-thumbnail\" alt=\"\" \/><\/a>\n\t\t\t<\/div><\/figure><figure class='gallery-item'>\n\t\t\t<div class='gallery-icon landscape'>\n\t\t\t\t<a href='https:\/\/ostrowskatv.pl\/?attachment_id=5378'><img loading=\"lazy\" decoding=\"async\" width=\"150\" height=\"150\" src=\"https:\/\/ostrowskatv.pl\/wp-content\/uploads\/2017\/12\/wielowies_wybuch_05-150x150.jpg\" class=\"attachment-thumbnail size-thumbnail\" alt=\"\" \/><\/a>\n\t\t\t<\/div><\/figure>\n\t\t<\/div>\n\n","protected":false},"excerpt":{"rendered":"W poniedzia\u0142ek oko\u0142o 8:30 dosz\u0142o do wybuchu gazu w domu mieszkalnym w Wielowsi (powiat ostrowski). W momencie wybuchu w \u015brodku znajdowa\u0142a si\u0119 89-letnia \n<a class=\"moretag\" href=\"https:\/\/ostrowskatv.pl\/?p=5373\"> [...]<\/a>","protected":false},"author":1,"featured_media":5377,"comment_status":"open","ping_status":"open","sticky":false,"template":"","format":"standard","meta":{"footnotes":""},"categories":[1],"tags":[148],"class_list":["post-5373","post","type-post","status-publish","format-standard","has-post-thumbnail","hentry","category-news","tag-wielowies"],"_links":{"self":[{"href":"https:\/\/ostrowskatv.pl\/index.php?rest_route=\/wp\/v2\/posts\/5373","targetHints":{"allow":["GET"]}}],"collection":[{"href":"https:\/\/ostrowskatv.pl\/index.php?rest_route=\/wp\/v2\/posts"}],"about":[{"href":"https:\/\/ostrowskatv.pl\/index.php?rest_route=\/wp\/v2\/types\/post"}],"author":[{"embeddable":true,"href":"https:\/\/ostrowskatv.pl\/index.php?rest_route=\/wp\/v2\/users\/1"}],"replies":[{"embeddable":true,"href":"https:\/\/ostrowskatv.pl\/index.php?rest_route=%2Fwp%2Fv2%2Fcomments&post=5373"}],"version-history":[{"count":0,"href":"https:\/\/ostrowskatv.pl\/index.php?rest_route=\/wp\/v2\/posts\/5373\/revisions"}],"wp:featuredmedia":[{"embeddable":true,"href":"https:\/\/ostrowskatv.pl\/index.php?rest_route=\/wp\/v2\/media\/5377"}],"wp:attachment":[{"href":"https:\/\/ostrowskatv.pl\/index.php?rest_route=%2Fwp%2Fv2%2Fmedia&parent=5373"}],"wp:term":[{"taxonomy":"category","embeddable":true,"href":"https:\/\/ostrowskatv.pl\/index.php?rest_route=%2Fwp%2Fv2%2Fcategories&post=5373"},{"taxonomy":"post_tag","embeddable":true,"href":"https:\/\/ostrowskatv.pl\/index.php?rest_route=%2Fwp%2Fv2%2Ftags&post=5373"}],"curies":[{"name":"wp","href":"https:\/\/api.w.org\/{rel}","templated":true}]}}