{"id":535,"date":"2016-03-06T18:17:38","date_gmt":"2016-03-06T17:17:38","guid":{"rendered":"http:\/\/ostrowska.tv\/?p=535"},"modified":"2016-03-06T18:18:10","modified_gmt":"2016-03-06T17:18:10","slug":"zderzenie-4-aut-w-ociazu","status":"publish","type":"post","link":"https:\/\/ostrowskatv.pl\/?p=535","title":{"rendered":"Zderzenie 4 aut w Oci\u0105\u017cu"},"content":{"rendered":"<p>Zas\u0142abni\u0119cie kierowcy by\u0142o przyczyn\u0105 wypadku, do kt\u00f3rego dosz\u0142o w niedzielne popo\u0142udnie na drodze krajowej nr 25.<\/p>\n<p>W Oci\u0105\u017cu na prostym\u00a0 odcinku drogi kierowca czerwonego Mercedesa zacz\u0105\u0142 zje\u017cd\u017ca\u0107 na przeciwny pas ruchu. Najpierw uderzy\u0142 w naczep\u0119 tira. Kawa\u0142ek dalej uderzy\u0142 w busa Volkswagena i na ko\u0144cu wjecha\u0142 w bok nowiutkiego MW . Trzy<\/p>\n<p>osoby\u00a0 trafi\u0142y do szpitala. Dwoje poszkodowanych dozna\u0142o og\u00f3lnych pot\u0142ucze\u0144. Za\u015b sam sprawca pozosta\u0142 na obserwacji.<\/p>\n<div id='gallery-1' class='gallery galleryid-535 gallery-columns-3 gallery-size-thumbnail'><figure class='gallery-item'>\n\t\t\t<div class='gallery-icon landscape'>\n\t\t\t\t<a href='https:\/\/ostrowskatv.pl\/?attachment_id=534'><img loading=\"lazy\" decoding=\"async\" width=\"150\" height=\"150\" src=\"https:\/\/ostrowskatv.pl\/wp-content\/uploads\/2016\/03\/tmp_2746-ociaz11904318227-150x150.jpg\" class=\"attachment-thumbnail size-thumbnail\" alt=\"\" \/><\/a>\n\t\t\t<\/div><\/figure><figure class='gallery-item'>\n\t\t\t<div class='gallery-icon landscape'>\n\t\t\t\t<a href='https:\/\/ostrowskatv.pl\/?attachment_id=533'><img loading=\"lazy\" decoding=\"async\" width=\"150\" height=\"150\" src=\"https:\/\/ostrowskatv.pl\/wp-content\/uploads\/2016\/03\/tmp_2746-ociaz2-168496142-150x150.jpg\" class=\"attachment-thumbnail size-thumbnail\" alt=\"\" \/><\/a>\n\t\t\t<\/div><\/figure><figure class='gallery-item'>\n\t\t\t<div class='gallery-icon landscape'>\n\t\t\t\t<a href='https:\/\/ostrowskatv.pl\/?attachment_id=532'><img loading=\"lazy\" decoding=\"async\" width=\"150\" height=\"150\" src=\"https:\/\/ostrowskatv.pl\/wp-content\/uploads\/2016\/03\/tmp_2746-ociaz3351227399-150x150.jpg\" class=\"attachment-thumbnail size-thumbnail\" alt=\"\" \/><\/a>\n\t\t\t<\/div><\/figure><figure class='gallery-item'>\n\t\t\t<div class='gallery-icon landscape'>\n\t\t\t\t<a href='https:\/\/ostrowskatv.pl\/?attachment_id=531'><img loading=\"lazy\" decoding=\"async\" width=\"150\" height=\"150\" src=\"https:\/\/ostrowskatv.pl\/wp-content\/uploads\/2016\/03\/tmp_2746-ociaz42044292325-150x150.jpg\" class=\"attachment-thumbnail size-thumbnail\" alt=\"\" \/><\/a>\n\t\t\t<\/div><\/figure>\n\t\t<\/div>\n\n<p>&nbsp;<\/p>\n<p>&nbsp;<\/p>\n<p>&nbsp;<\/p>\n<p>&nbsp;<\/p>\n","protected":false},"excerpt":{"rendered":"Zas\u0142abni\u0119cie kierowcy by\u0142o przyczyn\u0105 wypadku, do kt\u00f3rego dosz\u0142o w niedzielne popo\u0142udnie na drodze krajowej nr 25. W Oci\u0105\u017cu na prostym\u00a0 odcinku drogi kierowca \n<a class=\"moretag\" href=\"https:\/\/ostrowskatv.pl\/?p=535\"> [...]<\/a>","protected":false},"author":1,"featured_media":534,"comment_status":"open","ping_status":"open","sticky":false,"template":"","format":"standard","meta":{"footnotes":""},"categories":[1],"tags":[59],"class_list":["post-535","post","type-post","status-publish","format-standard","has-post-thumbnail","hentry","category-news","tag-ociaz"],"_links":{"self":[{"href":"https:\/\/ostrowskatv.pl\/index.php?rest_route=\/wp\/v2\/posts\/535","targetHints":{"allow":["GET"]}}],"collection":[{"href":"https:\/\/ostrowskatv.pl\/index.php?rest_route=\/wp\/v2\/posts"}],"about":[{"href":"https:\/\/ostrowskatv.pl\/index.php?rest_route=\/wp\/v2\/types\/post"}],"author":[{"embeddable":true,"href":"https:\/\/ostrowskatv.pl\/index.php?rest_route=\/wp\/v2\/users\/1"}],"replies":[{"embeddable":true,"href":"https:\/\/ostrowskatv.pl\/index.php?rest_route=%2Fwp%2Fv2%2Fcomments&post=535"}],"version-history":[{"count":0,"href":"https:\/\/ostrowskatv.pl\/index.php?rest_route=\/wp\/v2\/posts\/535\/revisions"}],"wp:featuredmedia":[{"embeddable":true,"href":"https:\/\/ostrowskatv.pl\/index.php?rest_route=\/wp\/v2\/media\/534"}],"wp:attachment":[{"href":"https:\/\/ostrowskatv.pl\/index.php?rest_route=%2Fwp%2Fv2%2Fmedia&parent=535"}],"wp:term":[{"taxonomy":"category","embeddable":true,"href":"https:\/\/ostrowskatv.pl\/index.php?rest_route=%2Fwp%2Fv2%2Fcategories&post=535"},{"taxonomy":"post_tag","embeddable":true,"href":"https:\/\/ostrowskatv.pl\/index.php?rest_route=%2Fwp%2Fv2%2Ftags&post=535"}],"curies":[{"name":"wp","href":"https:\/\/api.w.org\/{rel}","templated":true}]}}