{"id":5309,"date":"2017-12-02T23:02:44","date_gmt":"2017-12-02T22:02:44","guid":{"rendered":"http:\/\/ostrowska.tv\/?p=5309"},"modified":"2017-12-02T23:02:44","modified_gmt":"2017-12-02T22:02:44","slug":"wypadek-w-gorznie-7-podrozujacych-w-tym-2-dzieci","status":"publish","type":"post","link":"https:\/\/ostrowskatv.pl\/?p=5309","title":{"rendered":"Wypadek w G\u00f3rznie. 7 podr\u00f3\u017cuj\u0105cych, w tym 2 dzieci"},"content":{"rendered":"<p><strong>Do niebezpiecznego wypadku dosz\u0142o w sobotni wiecz\u00f3r na drodze krajowej nr 11. W miejscowo\u015bci G\u00f3rzno kierowca Opla Vectra uderzy\u0142 w Toyot\u0119 Previ\u0119. Pi\u0119\u0107 os\u00f3b odwieziono do ostrowskiego szpitala, w tym dwoje dzieci.\u00a0<\/strong><\/p>\n<p>Kierowca Opla jecha\u0142 z du\u017c\u0105 szybko\u015bci\u0105 od strony Ostrowa Wlkp. Na \u0142uku drogi straci\u0142 panowanie nad samochodem i po zjechaniu na przeciwny pas ruchu uderzy\u0142 w naro\u017cnik Toyoty, kt\u00f3r\u0105 podr\u00f3\u017cowa\u0142a 6-osobowa rodzina (dziadkowie, rodzice i dwoje dzieci). Poszkodowani s\u0105 mieszka\u0144cami Mikstatu. Samoch\u00f3d sprawcy wypad\u0142 z drogi i dachowa\u0142. Po zatrzymaniu si\u0119 ko\u0142ami do g\u00f3ry, kierowca o w\u0142asnych si\u0142ach opu\u015bci\u0142 uszkodzony pojazd.<\/p>\n<p>Wed\u0142ug \u015bwiadk\u00f3w nie by\u0142 w stanie dmuchn\u0105\u0107 w alkomat. Nieoficjalnie m\u00f3wi si\u0119, \u017ce jest to pracownik jednej ze sp\u00f3\u0142ek PKP w Ostrowie Wlkp.<\/p>\n<div id='gallery-1' class='gallery galleryid-5309 gallery-columns-3 gallery-size-thumbnail'><figure class='gallery-item'>\n\t\t\t<div class='gallery-icon landscape'>\n\t\t\t\t<a href='https:\/\/ostrowskatv.pl\/?attachment_id=5315'><img loading=\"lazy\" decoding=\"async\" width=\"150\" height=\"150\" src=\"https:\/\/ostrowskatv.pl\/wp-content\/uploads\/2017\/12\/20171202_214109-150x150.jpg\" class=\"attachment-thumbnail size-thumbnail\" alt=\"\" \/><\/a>\n\t\t\t<\/div><\/figure><figure class='gallery-item'>\n\t\t\t<div class='gallery-icon landscape'>\n\t\t\t\t<a href='https:\/\/ostrowskatv.pl\/?attachment_id=5314'><img loading=\"lazy\" decoding=\"async\" width=\"150\" height=\"150\" src=\"https:\/\/ostrowskatv.pl\/wp-content\/uploads\/2017\/12\/20171202_212301-150x150.jpg\" class=\"attachment-thumbnail size-thumbnail\" alt=\"\" \/><\/a>\n\t\t\t<\/div><\/figure><figure class='gallery-item'>\n\t\t\t<div class='gallery-icon landscape'>\n\t\t\t\t<a href='https:\/\/ostrowskatv.pl\/?attachment_id=5313'><img loading=\"lazy\" decoding=\"async\" width=\"150\" height=\"150\" src=\"https:\/\/ostrowskatv.pl\/wp-content\/uploads\/2017\/12\/20171202_214319-150x150.jpg\" class=\"attachment-thumbnail size-thumbnail\" alt=\"\" \/><\/a>\n\t\t\t<\/div><\/figure><figure class='gallery-item'>\n\t\t\t<div class='gallery-icon landscape'>\n\t\t\t\t<a href='https:\/\/ostrowskatv.pl\/?attachment_id=5312'><img loading=\"lazy\" decoding=\"async\" width=\"150\" height=\"150\" src=\"https:\/\/ostrowskatv.pl\/wp-content\/uploads\/2017\/12\/20171202_212129-150x150.jpg\" class=\"attachment-thumbnail size-thumbnail\" alt=\"\" \/><\/a>\n\t\t\t<\/div><\/figure><figure class='gallery-item'>\n\t\t\t<div class='gallery-icon landscape'>\n\t\t\t\t<a href='https:\/\/ostrowskatv.pl\/?attachment_id=5311'><img loading=\"lazy\" decoding=\"async\" width=\"150\" height=\"150\" src=\"https:\/\/ostrowskatv.pl\/wp-content\/uploads\/2017\/12\/20171202_215113-150x150.jpg\" class=\"attachment-thumbnail size-thumbnail\" alt=\"\" \/><\/a>\n\t\t\t<\/div><\/figure><figure class='gallery-item'>\n\t\t\t<div class='gallery-icon landscape'>\n\t\t\t\t<a href='https:\/\/ostrowskatv.pl\/?attachment_id=5310'><img loading=\"lazy\" decoding=\"async\" width=\"150\" height=\"150\" src=\"https:\/\/ostrowskatv.pl\/wp-content\/uploads\/2017\/12\/20171202_212345-150x150.jpg\" class=\"attachment-thumbnail size-thumbnail\" alt=\"\" \/><\/a>\n\t\t\t<\/div><\/figure>\n\t\t<\/div>\n\n","protected":false},"excerpt":{"rendered":"Do niebezpiecznego wypadku dosz\u0142o w sobotni wiecz\u00f3r na drodze krajowej nr 11. W miejscowo\u015bci G\u00f3rzno kierowca Opla Vectra uderzy\u0142 w Toyot\u0119 Previ\u0119. Pi\u0119\u0107 \n<a class=\"moretag\" href=\"https:\/\/ostrowskatv.pl\/?p=5309\"> [...]<\/a>","protected":false},"author":1,"featured_media":5315,"comment_status":"open","ping_status":"open","sticky":false,"template":"","format":"standard","meta":{"footnotes":""},"categories":[1],"tags":[88],"class_list":["post-5309","post","type-post","status-publish","format-standard","has-post-thumbnail","hentry","category-news","tag-gorzno"],"_links":{"self":[{"href":"https:\/\/ostrowskatv.pl\/index.php?rest_route=\/wp\/v2\/posts\/5309","targetHints":{"allow":["GET"]}}],"collection":[{"href":"https:\/\/ostrowskatv.pl\/index.php?rest_route=\/wp\/v2\/posts"}],"about":[{"href":"https:\/\/ostrowskatv.pl\/index.php?rest_route=\/wp\/v2\/types\/post"}],"author":[{"embeddable":true,"href":"https:\/\/ostrowskatv.pl\/index.php?rest_route=\/wp\/v2\/users\/1"}],"replies":[{"embeddable":true,"href":"https:\/\/ostrowskatv.pl\/index.php?rest_route=%2Fwp%2Fv2%2Fcomments&post=5309"}],"version-history":[{"count":0,"href":"https:\/\/ostrowskatv.pl\/index.php?rest_route=\/wp\/v2\/posts\/5309\/revisions"}],"wp:featuredmedia":[{"embeddable":true,"href":"https:\/\/ostrowskatv.pl\/index.php?rest_route=\/wp\/v2\/media\/5315"}],"wp:attachment":[{"href":"https:\/\/ostrowskatv.pl\/index.php?rest_route=%2Fwp%2Fv2%2Fmedia&parent=5309"}],"wp:term":[{"taxonomy":"category","embeddable":true,"href":"https:\/\/ostrowskatv.pl\/index.php?rest_route=%2Fwp%2Fv2%2Fcategories&post=5309"},{"taxonomy":"post_tag","embeddable":true,"href":"https:\/\/ostrowskatv.pl\/index.php?rest_route=%2Fwp%2Fv2%2Ftags&post=5309"}],"curies":[{"name":"wp","href":"https:\/\/api.w.org\/{rel}","templated":true}]}}