{"id":5291,"date":"2017-11-25T10:18:08","date_gmt":"2017-11-25T09:18:08","guid":{"rendered":"http:\/\/ostrowska.tv\/?p=5291"},"modified":"2017-11-25T10:18:08","modified_gmt":"2017-11-25T09:18:08","slug":"wypadek-reymonta-kr-jadwigi","status":"publish","type":"post","link":"https:\/\/ostrowskatv.pl\/?p=5291","title":{"rendered":"Wypadek Reymonta-Kr. Jadwigi"},"content":{"rendered":"<p><strong>Do zderzenia dw\u00f3ch aut dosz\u0142o w pi\u0105tek przed p\u00f3\u0142noc\u0105. Ulic\u0105 Kr. Jadwigi od Alei S\u0142owackiego jecha\u0142 kierowca Volvo. Na ul. Reymonta nie ust\u0105pi\u0142 pierwsze\u0144stwa kobiecie jad\u0105cej do pracy w Mahle od strony ul. Limanowskiego w Ostrowie Wlkp.<\/strong><\/p>\n<p>Volvo wjecha\u0142o na poblisk\u0105 posesj\u0119 taranuj\u0105c ogrodzenie, a Opel Astra z uszkodzonym przodem zatrzyma\u0142 si\u0119 oko\u0142o stu metr\u00f3w dalej. Kieruj\u0105c\u0105 z Opla zabra\u0142o pogotowie do szpitala.<\/p>\n<div id='gallery-1' class='gallery galleryid-5291 gallery-columns-3 gallery-size-thumbnail'><figure class='gallery-item'>\n\t\t\t<div class='gallery-icon landscape'>\n\t\t\t\t<a href='https:\/\/ostrowskatv.pl\/?attachment_id=5293'><img loading=\"lazy\" decoding=\"async\" width=\"150\" height=\"150\" src=\"https:\/\/ostrowskatv.pl\/wp-content\/uploads\/2017\/11\/20171124_232055-150x150.jpg\" class=\"attachment-thumbnail size-thumbnail\" alt=\"\" \/><\/a>\n\t\t\t<\/div><\/figure><figure class='gallery-item'>\n\t\t\t<div class='gallery-icon landscape'>\n\t\t\t\t<a href='https:\/\/ostrowskatv.pl\/?attachment_id=5294'><img loading=\"lazy\" decoding=\"async\" width=\"150\" height=\"150\" src=\"https:\/\/ostrowskatv.pl\/wp-content\/uploads\/2017\/11\/20171124_230403-150x150.jpg\" class=\"attachment-thumbnail size-thumbnail\" alt=\"\" \/><\/a>\n\t\t\t<\/div><\/figure><figure class='gallery-item'>\n\t\t\t<div class='gallery-icon landscape'>\n\t\t\t\t<a href='https:\/\/ostrowskatv.pl\/?attachment_id=5295'><img loading=\"lazy\" decoding=\"async\" width=\"150\" height=\"150\" src=\"https:\/\/ostrowskatv.pl\/wp-content\/uploads\/2017\/11\/20171124_230423-150x150.jpg\" class=\"attachment-thumbnail size-thumbnail\" alt=\"\" \/><\/a>\n\t\t\t<\/div><\/figure><figure class='gallery-item'>\n\t\t\t<div class='gallery-icon landscape'>\n\t\t\t\t<a href='https:\/\/ostrowskatv.pl\/?attachment_id=5292'><img loading=\"lazy\" decoding=\"async\" width=\"150\" height=\"150\" src=\"https:\/\/ostrowskatv.pl\/wp-content\/uploads\/2017\/11\/20171124_231903-150x150.jpg\" class=\"attachment-thumbnail size-thumbnail\" alt=\"\" \/><\/a>\n\t\t\t<\/div><\/figure>\n\t\t<\/div>\n\n","protected":false},"excerpt":{"rendered":"Do zderzenia dw\u00f3ch aut dosz\u0142o w pi\u0105tek przed p\u00f3\u0142noc\u0105. Ulic\u0105 Kr. Jadwigi od Alei S\u0142owackiego jecha\u0142 kierowca Volvo. Na ul. Reymonta nie ust\u0105pi\u0142 \n<a class=\"moretag\" href=\"https:\/\/ostrowskatv.pl\/?p=5291\"> [...]<\/a>","protected":false},"author":1,"featured_media":5294,"comment_status":"open","ping_status":"open","sticky":false,"template":"","format":"standard","meta":{"footnotes":""},"categories":[1],"tags":[2],"class_list":["post-5291","post","type-post","status-publish","format-standard","has-post-thumbnail","hentry","category-news","tag-ostrow-wielkopolski"],"_links":{"self":[{"href":"https:\/\/ostrowskatv.pl\/index.php?rest_route=\/wp\/v2\/posts\/5291","targetHints":{"allow":["GET"]}}],"collection":[{"href":"https:\/\/ostrowskatv.pl\/index.php?rest_route=\/wp\/v2\/posts"}],"about":[{"href":"https:\/\/ostrowskatv.pl\/index.php?rest_route=\/wp\/v2\/types\/post"}],"author":[{"embeddable":true,"href":"https:\/\/ostrowskatv.pl\/index.php?rest_route=\/wp\/v2\/users\/1"}],"replies":[{"embeddable":true,"href":"https:\/\/ostrowskatv.pl\/index.php?rest_route=%2Fwp%2Fv2%2Fcomments&post=5291"}],"version-history":[{"count":0,"href":"https:\/\/ostrowskatv.pl\/index.php?rest_route=\/wp\/v2\/posts\/5291\/revisions"}],"wp:featuredmedia":[{"embeddable":true,"href":"https:\/\/ostrowskatv.pl\/index.php?rest_route=\/wp\/v2\/media\/5294"}],"wp:attachment":[{"href":"https:\/\/ostrowskatv.pl\/index.php?rest_route=%2Fwp%2Fv2%2Fmedia&parent=5291"}],"wp:term":[{"taxonomy":"category","embeddable":true,"href":"https:\/\/ostrowskatv.pl\/index.php?rest_route=%2Fwp%2Fv2%2Fcategories&post=5291"},{"taxonomy":"post_tag","embeddable":true,"href":"https:\/\/ostrowskatv.pl\/index.php?rest_route=%2Fwp%2Fv2%2Ftags&post=5291"}],"curies":[{"name":"wp","href":"https:\/\/api.w.org\/{rel}","templated":true}]}}