{"id":5267,"date":"2017-11-20T13:03:17","date_gmt":"2017-11-20T12:03:17","guid":{"rendered":"http:\/\/ostrowska.tv\/?p=5267"},"modified":"2017-11-20T13:03:17","modified_gmt":"2017-11-20T12:03:17","slug":"ponowne-zanieczyszczenie-zbiornika-na-piaskach","status":"publish","type":"post","link":"https:\/\/ostrowskatv.pl\/?p=5267","title":{"rendered":"Ponowne zanieczyszczenie zbiornika na Piaskach"},"content":{"rendered":"<p><strong>Zapewne wszyscy pami\u0119taj\u0105 zanieczyszczenie, kt\u00f3re wp\u0142yn\u0119\u0142o na zbiornik Piaski-Szczygliczka w marcu 2017 r. W minion\u0105 niedziel\u0119 dosz\u0142o do ponownego zanieczyszczenia, ale tym razem pochodzenie by\u0142o inne ni\u017c poprzednio. Poni\u017cej wyja\u015bniamy zako\u0144czenie poprzedniego incydentu jak i \u017ar\u00f3d\u0142o pochodzenia obecnego.<\/strong><\/p>\n<div id='gallery-1' class='gallery galleryid-5267 gallery-columns-3 gallery-size-thumbnail'><figure class='gallery-item'>\n\t\t\t<div class='gallery-icon landscape'>\n\t\t\t\t<a href='https:\/\/ostrowskatv.pl\/?attachment_id=5268'><img loading=\"lazy\" decoding=\"async\" width=\"150\" height=\"150\" src=\"https:\/\/ostrowskatv.pl\/wp-content\/uploads\/2017\/11\/woda-pola-150x150.jpg\" class=\"attachment-thumbnail size-thumbnail\" alt=\"\" \/><\/a>\n\t\t\t<\/div><\/figure><figure class='gallery-item'>\n\t\t\t<div class='gallery-icon portrait'>\n\t\t\t\t<a href='https:\/\/ostrowskatv.pl\/?attachment_id=5269'><img loading=\"lazy\" decoding=\"async\" width=\"150\" height=\"150\" src=\"https:\/\/ostrowskatv.pl\/wp-content\/uploads\/2017\/11\/20171119_122035-150x150.jpg\" class=\"attachment-thumbnail size-thumbnail\" alt=\"\" \/><\/a>\n\t\t\t<\/div><\/figure><figure class='gallery-item'>\n\t\t\t<div class='gallery-icon landscape'>\n\t\t\t\t<a href='https:\/\/ostrowskatv.pl\/?attachment_id=5270'><img loading=\"lazy\" decoding=\"async\" width=\"150\" height=\"150\" src=\"https:\/\/ostrowskatv.pl\/wp-content\/uploads\/2017\/11\/20171119_122011-150x150.jpg\" class=\"attachment-thumbnail size-thumbnail\" alt=\"\" \/><\/a>\n\t\t\t<\/div><\/figure>\n\t\t<\/div>\n\n<p>W niedzielne po\u0142udnie mieszka\u0144cy przebywaj\u0105cy na\u00a0terenie Piask\u00f3w poinformowali Stra\u017c Po\u017carn\u0105 o\u00a0zanieczyszczeniu rowu doprowadzaj\u0105cego wod\u0119 do\u00a0ostrowskiego akwenu. Na miejscu, poza stra\u017cakami, pojawili si\u0119 tak\u017ce pracownicy Referatu Ochrony \u015arodowiska Urz\u0119du Miejskiego, Miejskiego Zak\u0142adu Zieleni, Biura Zarz\u0105dzania Kryzysowego oraz\u00a0funkcjonariusze policji. Wst\u0119pny pomiar nie wykaza\u0142 w\u00a0wodzie obecno\u015bci \u017cadnych substancji chemicznych.<\/p>\n<p>Stra\u017c Po\u017carna sygna\u0142 o\u00a0zanieczyszczeniu odebra\u0142a o\u00a011.39. Bezzw\u0142ocznie na\u00a0teren o\u015brodka wys\u0142ana zosta\u0142a jednostka stra\u017cy. Informacja o\u00a0zanieczyszczeniu przekazana zosta\u0142a do\u00a0Biura Zarz\u0105dzania Kryzysowego oraz\u00a0do Komendy Powiatowej Policji w\u00a0Ostrowie Wielkopolskim. Stra\u017cacy, ju\u017c na\u00a0miejscu, zbadali pr\u00f3bki wody. Z ich analizy wynika\u0142o, \u017ce\u00a0nie zosta\u0142a ona zanieczyszczona substancjami chemicznymi. Pomiar pH wody (obecno\u015b\u0107 kwas\u00f3w i\u00a0zasad) da\u0142 wynik oboj\u0119tny.<\/p>\n<p>Stra\u017cacy, wraz z\u00a0pracownikami Miejskiego Zak\u0142adu Zieleni, wykonali wizj\u0119 lokaln\u0105 i\u00a0odnale\u017ali \u017ar\u00f3d\u0142o zanieczyszczenia na\u00a0polu w\u00a0miejscowo\u015bci Stary Staw. Wykonano tu r\u00f3w, by\u00a0pozby\u0107 si\u0119 wody opadowej z\u00a0pola. Jej zabarwienie mo\u017ce wskazywa\u0107, \u017ce\u00a0by\u0142o to\u00a0zanieczyszczenie, kt\u00f3re dotar\u0142o do\u00a0rowu po\u0142\u0105czonego z\u00a0ma\u0142ym zbiornikiem na\u00a0ostrowskich Piaskach.<\/p>\n<p>MZZ przekaza\u0142 pr\u00f3bki wody do\u00a0dok\u0142adnej analizy. Ich wyniki znane b\u0119d\u0105 po\u00a0trzech dniach. O zdarzeniu poinformowano tak\u017ce Wojew\u00f3dzki Inspektorat Ochrony \u015arodowiska w\u00a0Poznaniu. Gdyby wyniki analizy wskaza\u0142y niebezpieczne zanieczyszczenie wody policja rozpocznie post\u0119powanie sprawdzaj\u0105ce.<\/p>\n<p>MZZ regularnie bada wod\u0119 w\u00a0ma\u0142ym zbiorniku, kt\u00f3ry po\u0142\u0105czony jest z\u00a0Rowem Franklinowskim. Ma\u0142y zbiornik jest buforem i\u00a0filtrem zbiornika du\u017cego, kt\u00f3ry przeznaczony jest do\u00a0k\u0105pieli. Zdarza si\u0119, \u017ce\u00a0po opadach woda, wraz z\u00a0zanieczyszczeniami z\u00a0pobliskich p\u00f3l, wp\u0142ywa do\u00a0Rowu Franklinowskiego powoduj\u0105c jego zabarwienie. Dzi\u015b przebarwienia ju\u017c nie wyst\u0119puj\u0105.<\/p>\n<p>Marcowe zanieczyszczenie spowodowane przez pracownika jednej z firm znajduj\u0105cej si\u0119 we Franklinowie zako\u0144czy\u0142o si\u0119 mandatem karnym nie wi\u0119kszym ni\u017c 500 z\u0142. Sta\u0142o si\u0119 tak, poniewa\u017c urz\u0119dnicy z Wojew\u00f3dzkiego Inspektoratu Ochrony \u015arodowiska stwierdzili, \u017ce ska\u017cenie wody nie mia\u0142o negatywnych nast\u0119pstw. Nieoficjalnie m\u00f3wi si\u0119, \u017ce by\u0142y to substancje z zak\u0142adu przetwarzaj\u0105cego jajka, st\u0105d te\u017c zgnito-zielony kolor wody w tamtym dniu. Kara okaza\u0142a si\u0119 bardzo symboliczna.\u00a0\u00a0<\/p>\n","protected":false},"excerpt":{"rendered":"Zapewne wszyscy pami\u0119taj\u0105 zanieczyszczenie, kt\u00f3re wp\u0142yn\u0119\u0142o na zbiornik Piaski-Szczygliczka w marcu 2017 r. W minion\u0105 niedziel\u0119 dosz\u0142o do ponownego zanieczyszczenia, ale tym razem \n<a class=\"moretag\" href=\"https:\/\/ostrowskatv.pl\/?p=5267\"> [...]<\/a>","protected":false},"author":1,"featured_media":5270,"comment_status":"open","ping_status":"open","sticky":false,"template":"","format":"standard","meta":{"footnotes":""},"categories":[1],"tags":[2],"class_list":["post-5267","post","type-post","status-publish","format-standard","has-post-thumbnail","hentry","category-news","tag-ostrow-wielkopolski"],"_links":{"self":[{"href":"https:\/\/ostrowskatv.pl\/index.php?rest_route=\/wp\/v2\/posts\/5267","targetHints":{"allow":["GET"]}}],"collection":[{"href":"https:\/\/ostrowskatv.pl\/index.php?rest_route=\/wp\/v2\/posts"}],"about":[{"href":"https:\/\/ostrowskatv.pl\/index.php?rest_route=\/wp\/v2\/types\/post"}],"author":[{"embeddable":true,"href":"https:\/\/ostrowskatv.pl\/index.php?rest_route=\/wp\/v2\/users\/1"}],"replies":[{"embeddable":true,"href":"https:\/\/ostrowskatv.pl\/index.php?rest_route=%2Fwp%2Fv2%2Fcomments&post=5267"}],"version-history":[{"count":0,"href":"https:\/\/ostrowskatv.pl\/index.php?rest_route=\/wp\/v2\/posts\/5267\/revisions"}],"wp:featuredmedia":[{"embeddable":true,"href":"https:\/\/ostrowskatv.pl\/index.php?rest_route=\/wp\/v2\/media\/5270"}],"wp:attachment":[{"href":"https:\/\/ostrowskatv.pl\/index.php?rest_route=%2Fwp%2Fv2%2Fmedia&parent=5267"}],"wp:term":[{"taxonomy":"category","embeddable":true,"href":"https:\/\/ostrowskatv.pl\/index.php?rest_route=%2Fwp%2Fv2%2Fcategories&post=5267"},{"taxonomy":"post_tag","embeddable":true,"href":"https:\/\/ostrowskatv.pl\/index.php?rest_route=%2Fwp%2Fv2%2Ftags&post=5267"}],"curies":[{"name":"wp","href":"https:\/\/api.w.org\/{rel}","templated":true}]}}