{"id":5264,"date":"2017-11-20T00:36:13","date_gmt":"2017-11-19T23:36:13","guid":{"rendered":"http:\/\/ostrowska.tv\/?p=5264"},"modified":"2017-11-20T08:04:54","modified_gmt":"2017-11-20T07:04:54","slug":"zderzenie-3-aut-w-szczurach","status":"publish","type":"post","link":"https:\/\/ostrowskatv.pl\/?p=5264","title":{"rendered":"Zderzenie 3 aut w Szczurach"},"content":{"rendered":"<p>Dojrza\u0142y wiekiem kierowca niebieskiego Matiza nie zauwa\u017cy\u0142 znaku ust\u0105p pierwsze\u0144stwa przez co wjecha\u0142 na skrzy\u017cowanie z drog\u0105 krajow\u0105 nr 11. W ten spos\u00f3b doprowadzi\u0142 do wypadku z dwoma innymi autami Oplem i Peugeotem. Zdarzenie mia\u0142o miejsce w niedzielne popo\u0142udnie w Szczurach.<\/p>\n<p>Najbardziej ucierpia\u0142y osoby jad\u0105ce czerwonym Oplem. Dw\u00f3m z nich udzielono pomocy medycznej, a jedna zosta\u0142a hospitalizowana. <\/p>\n<p>Ruch by\u0142 kierowany bocznymi drogami. <\/p>\n<p>Sprawca t\u0142umaczy\u0142 si\u0119, \u017ce zosta\u0142 zagadany przez pasa\u017cera.<\/p>\n<div id='gallery-1' class='gallery galleryid-5264 gallery-columns-3 gallery-size-thumbnail'><figure class='gallery-item'>\n\t\t\t<div class='gallery-icon landscape'>\n\t\t\t\t<a href='https:\/\/ostrowskatv.pl\/?attachment_id=5263'><img loading=\"lazy\" decoding=\"async\" width=\"150\" height=\"150\" src=\"https:\/\/ostrowskatv.pl\/wp-content\/uploads\/2017\/11\/Szczury5-150x150.jpg\" class=\"attachment-thumbnail size-thumbnail\" alt=\"\" \/><\/a>\n\t\t\t<\/div><\/figure><figure class='gallery-item'>\n\t\t\t<div class='gallery-icon landscape'>\n\t\t\t\t<a href='https:\/\/ostrowskatv.pl\/?attachment_id=5262'><img loading=\"lazy\" decoding=\"async\" width=\"150\" height=\"150\" src=\"https:\/\/ostrowskatv.pl\/wp-content\/uploads\/2017\/11\/Szczury4-150x150.jpg\" class=\"attachment-thumbnail size-thumbnail\" alt=\"\" \/><\/a>\n\t\t\t<\/div><\/figure><figure class='gallery-item'>\n\t\t\t<div class='gallery-icon landscape'>\n\t\t\t\t<a href='https:\/\/ostrowskatv.pl\/?attachment_id=5261'><img loading=\"lazy\" decoding=\"async\" width=\"150\" height=\"150\" src=\"https:\/\/ostrowskatv.pl\/wp-content\/uploads\/2017\/11\/Szczury3-150x150.jpg\" class=\"attachment-thumbnail size-thumbnail\" alt=\"\" \/><\/a>\n\t\t\t<\/div><\/figure><figure class='gallery-item'>\n\t\t\t<div class='gallery-icon landscape'>\n\t\t\t\t<a href='https:\/\/ostrowskatv.pl\/?attachment_id=5260'><img loading=\"lazy\" decoding=\"async\" width=\"150\" height=\"150\" src=\"https:\/\/ostrowskatv.pl\/wp-content\/uploads\/2017\/11\/Szczury2-150x150.jpg\" class=\"attachment-thumbnail size-thumbnail\" alt=\"\" \/><\/a>\n\t\t\t<\/div><\/figure><figure class='gallery-item'>\n\t\t\t<div class='gallery-icon landscape'>\n\t\t\t\t<a href='https:\/\/ostrowskatv.pl\/?attachment_id=5259'><img loading=\"lazy\" decoding=\"async\" width=\"150\" height=\"150\" src=\"https:\/\/ostrowskatv.pl\/wp-content\/uploads\/2017\/11\/Szczury1-150x150.jpg\" class=\"attachment-thumbnail size-thumbnail\" alt=\"\" \/><\/a>\n\t\t\t<\/div><\/figure>\n\t\t<\/div>\n\n","protected":false},"excerpt":{"rendered":"Dojrza\u0142y wiekiem kierowca niebieskiego Matiza nie zauwa\u017cy\u0142 znaku ust\u0105p pierwsze\u0144stwa przez co wjecha\u0142 na skrzy\u017cowanie z drog\u0105 krajow\u0105 nr 11. W ten spos\u00f3b \n<a class=\"moretag\" href=\"https:\/\/ostrowskatv.pl\/?p=5264\"> [...]<\/a>","protected":false},"author":1,"featured_media":5261,"comment_status":"open","ping_status":"open","sticky":false,"template":"","format":"standard","meta":{"footnotes":""},"categories":[1],"tags":[95],"class_list":["post-5264","post","type-post","status-publish","format-standard","has-post-thumbnail","hentry","category-news","tag-szczury"],"_links":{"self":[{"href":"https:\/\/ostrowskatv.pl\/index.php?rest_route=\/wp\/v2\/posts\/5264","targetHints":{"allow":["GET"]}}],"collection":[{"href":"https:\/\/ostrowskatv.pl\/index.php?rest_route=\/wp\/v2\/posts"}],"about":[{"href":"https:\/\/ostrowskatv.pl\/index.php?rest_route=\/wp\/v2\/types\/post"}],"author":[{"embeddable":true,"href":"https:\/\/ostrowskatv.pl\/index.php?rest_route=\/wp\/v2\/users\/1"}],"replies":[{"embeddable":true,"href":"https:\/\/ostrowskatv.pl\/index.php?rest_route=%2Fwp%2Fv2%2Fcomments&post=5264"}],"version-history":[{"count":0,"href":"https:\/\/ostrowskatv.pl\/index.php?rest_route=\/wp\/v2\/posts\/5264\/revisions"}],"wp:featuredmedia":[{"embeddable":true,"href":"https:\/\/ostrowskatv.pl\/index.php?rest_route=\/wp\/v2\/media\/5261"}],"wp:attachment":[{"href":"https:\/\/ostrowskatv.pl\/index.php?rest_route=%2Fwp%2Fv2%2Fmedia&parent=5264"}],"wp:term":[{"taxonomy":"category","embeddable":true,"href":"https:\/\/ostrowskatv.pl\/index.php?rest_route=%2Fwp%2Fv2%2Fcategories&post=5264"},{"taxonomy":"post_tag","embeddable":true,"href":"https:\/\/ostrowskatv.pl\/index.php?rest_route=%2Fwp%2Fv2%2Ftags&post=5264"}],"curies":[{"name":"wp","href":"https:\/\/api.w.org\/{rel}","templated":true}]}}