{"id":526,"date":"2016-03-03T18:02:31","date_gmt":"2016-03-03T17:02:31","guid":{"rendered":"http:\/\/ostrowska.tv\/?p=526"},"modified":"2016-03-03T18:02:54","modified_gmt":"2016-03-03T17:02:54","slug":"nowy-nieoznakowany-radiowoz-drogowki","status":"publish","type":"post","link":"https:\/\/ostrowskatv.pl\/?p=526","title":{"rendered":"Nowy nieoznakowany radiow\u00f3z drog\u00f3wki"},"content":{"rendered":"<p><strong>Ma 250 koni mechanicznych, pojemno\u015b\u0107 silnika 2 litry. Do setki rozp\u0119dza si\u0119 w 7,5 sekundy, a maksymalnie potrafi p\u0119dzi\u0107 z pr\u0119dko\u015bci\u0105 250 km\/h (ograniczon\u0105 elektronicznie). Mowa o nowym nabytku ostrowskiej drog\u00f3wki, kt\u00f3ra wy\u0142apuje pirat\u00f3w drogowych. Opel Insignia zast\u0105pi\u0142 srebrnego VW Passata z ko\u0144cem stycznia. Nieoznakowany radiow\u00f3z wyposa\u017cony jest w wideorejestrator, kt\u00f3ry zapisuje wszystko co si\u0119 dzieje wok\u00f3\u0142 radiowozu.\u00a0<\/strong><\/p>\n<p>Miejcie si\u0119 na baczno\u015bci \ud83d\ude42 Warto wyposa\u017cy\u0107 si\u0119 w aplikacj\u0119 na telefon kom\u00f3rkowy Yanosik, dzi\u0119ki kt\u00f3rej kierowcy informuj\u0105 si\u0119 o wypadkach\/&#8221;smerfach&#8221;\/nieoznakowanych radiowozach\/utrudnieniach drogowych itd. Do korzystania z niej potrzebny jest pakiet internetowy dost\u0119pny w abonamencie\/na kart\u0119 u operatora sieci kom\u00f3rkowej.<\/p>\n<p>&nbsp;<\/p>\n","protected":false},"excerpt":{"rendered":"Ma 250 koni mechanicznych, pojemno\u015b\u0107 silnika 2 litry. Do setki rozp\u0119dza si\u0119 w 7,5 sekundy, a maksymalnie potrafi p\u0119dzi\u0107 z pr\u0119dko\u015bci\u0105 250 km\/h \n<a class=\"moretag\" href=\"https:\/\/ostrowskatv.pl\/?p=526\"> [...]<\/a>","protected":false},"author":1,"featured_media":527,"comment_status":"open","ping_status":"open","sticky":false,"template":"","format":"standard","meta":{"footnotes":""},"categories":[1],"tags":[34],"class_list":["post-526","post","type-post","status-publish","format-standard","has-post-thumbnail","hentry","category-news","tag-policja"],"_links":{"self":[{"href":"https:\/\/ostrowskatv.pl\/index.php?rest_route=\/wp\/v2\/posts\/526","targetHints":{"allow":["GET"]}}],"collection":[{"href":"https:\/\/ostrowskatv.pl\/index.php?rest_route=\/wp\/v2\/posts"}],"about":[{"href":"https:\/\/ostrowskatv.pl\/index.php?rest_route=\/wp\/v2\/types\/post"}],"author":[{"embeddable":true,"href":"https:\/\/ostrowskatv.pl\/index.php?rest_route=\/wp\/v2\/users\/1"}],"replies":[{"embeddable":true,"href":"https:\/\/ostrowskatv.pl\/index.php?rest_route=%2Fwp%2Fv2%2Fcomments&post=526"}],"version-history":[{"count":0,"href":"https:\/\/ostrowskatv.pl\/index.php?rest_route=\/wp\/v2\/posts\/526\/revisions"}],"wp:featuredmedia":[{"embeddable":true,"href":"https:\/\/ostrowskatv.pl\/index.php?rest_route=\/wp\/v2\/media\/527"}],"wp:attachment":[{"href":"https:\/\/ostrowskatv.pl\/index.php?rest_route=%2Fwp%2Fv2%2Fmedia&parent=526"}],"wp:term":[{"taxonomy":"category","embeddable":true,"href":"https:\/\/ostrowskatv.pl\/index.php?rest_route=%2Fwp%2Fv2%2Fcategories&post=526"},{"taxonomy":"post_tag","embeddable":true,"href":"https:\/\/ostrowskatv.pl\/index.php?rest_route=%2Fwp%2Fv2%2Ftags&post=526"}],"curies":[{"name":"wp","href":"https:\/\/api.w.org\/{rel}","templated":true}]}}