{"id":5247,"date":"2017-11-18T14:34:23","date_gmt":"2017-11-18T13:34:23","guid":{"rendered":"http:\/\/ostrowska.tv\/?p=5247"},"modified":"2017-11-18T15:28:04","modified_gmt":"2017-11-18T14:28:04","slug":"mlody-mezczyzna-zginal-na-torach","status":"publish","type":"post","link":"https:\/\/ostrowskatv.pl\/?p=5247","title":{"rendered":"M\u0142ody m\u0119\u017cczyzna zgin\u0105\u0142 na torach (aktualizacja)"},"content":{"rendered":"<p><strong>W sobot\u0119 po godzinie 14:00 dosz\u0142o do \u015bmiertelnego wypadku. Poci\u0105g towarowy jad\u0105cy w stron\u0119 Poznania potr\u0105ci\u0142 m\u0119\u017cczyzn\u0119, kt\u00f3ry wyszed\u0142 zza s\u0142upa. Si\u0142a uderzenia spowodowa\u0142a zgon na miejscu. Najbardziej uszkodzona by\u0142a g\u0142owa. Na miejsce wezwano \u015bmig\u0142owiec LPR. Do zdarzenia dosz\u0142o obok Franklinowa.<\/strong><\/p>\n<div id='gallery-1' class='gallery galleryid-5247 gallery-columns-3 gallery-size-thumbnail'><figure class='gallery-item'>\n\t\t\t<div class='gallery-icon landscape'>\n\t\t\t\t<a href='https:\/\/ostrowskatv.pl\/?attachment_id=5254'><img loading=\"lazy\" decoding=\"async\" width=\"150\" height=\"150\" src=\"https:\/\/ostrowskatv.pl\/wp-content\/uploads\/2017\/11\/20171118_141738-150x150.jpg\" class=\"attachment-thumbnail size-thumbnail\" alt=\"\" \/><\/a>\n\t\t\t<\/div><\/figure><figure class='gallery-item'>\n\t\t\t<div class='gallery-icon landscape'>\n\t\t\t\t<a href='https:\/\/ostrowskatv.pl\/?attachment_id=5253'><img loading=\"lazy\" decoding=\"async\" width=\"150\" height=\"150\" src=\"https:\/\/ostrowskatv.pl\/wp-content\/uploads\/2017\/11\/20171118_141407-150x150.jpg\" class=\"attachment-thumbnail size-thumbnail\" alt=\"\" \/><\/a>\n\t\t\t<\/div><\/figure><figure class='gallery-item'>\n\t\t\t<div class='gallery-icon landscape'>\n\t\t\t\t<a href='https:\/\/ostrowskatv.pl\/?attachment_id=5252'><img loading=\"lazy\" decoding=\"async\" width=\"150\" height=\"150\" src=\"https:\/\/ostrowskatv.pl\/wp-content\/uploads\/2017\/11\/20171118_141906-150x150.jpg\" class=\"attachment-thumbnail size-thumbnail\" alt=\"\" \/><\/a>\n\t\t\t<\/div><\/figure>\n\t\t<\/div>\n\n<p><iframe loading=\"lazy\" src=\"https:\/\/www.google.com\/maps\/embed?pb=!1m21!1m12!1m3!1d2710.864061365163!2d17.80099494721501!3d51.701253346948114!2m3!1f0!2f0!3f0!3m2!1i1024!2i768!4f13.1!4m6!3e6!4m3!3m2!1d51.7019953!2d17.799991!4m0!5e1!3m2!1spl!2spl!4v1511015248784\" width=\"600\" height=\"450\" frameborder=\"0\" style=\"border:0\" allowfullscreen><\/iframe><\/p>\n","protected":false},"excerpt":{"rendered":"W sobot\u0119 po godzinie 14:00 dosz\u0142o do \u015bmiertelnego wypadku. Poci\u0105g towarowy jad\u0105cy w stron\u0119 Poznania potr\u0105ci\u0142 m\u0119\u017cczyzn\u0119, kt\u00f3ry wyszed\u0142 zza s\u0142upa. Si\u0142a uderzenia \n<a class=\"moretag\" href=\"https:\/\/ostrowskatv.pl\/?p=5247\"> [...]<\/a>","protected":false},"author":1,"featured_media":5253,"comment_status":"open","ping_status":"open","sticky":false,"template":"","format":"standard","meta":{"footnotes":""},"categories":[1],"tags":[87],"class_list":["post-5247","post","type-post","status-publish","format-standard","has-post-thumbnail","hentry","category-news","tag-franklinow"],"_links":{"self":[{"href":"https:\/\/ostrowskatv.pl\/index.php?rest_route=\/wp\/v2\/posts\/5247","targetHints":{"allow":["GET"]}}],"collection":[{"href":"https:\/\/ostrowskatv.pl\/index.php?rest_route=\/wp\/v2\/posts"}],"about":[{"href":"https:\/\/ostrowskatv.pl\/index.php?rest_route=\/wp\/v2\/types\/post"}],"author":[{"embeddable":true,"href":"https:\/\/ostrowskatv.pl\/index.php?rest_route=\/wp\/v2\/users\/1"}],"replies":[{"embeddable":true,"href":"https:\/\/ostrowskatv.pl\/index.php?rest_route=%2Fwp%2Fv2%2Fcomments&post=5247"}],"version-history":[{"count":0,"href":"https:\/\/ostrowskatv.pl\/index.php?rest_route=\/wp\/v2\/posts\/5247\/revisions"}],"wp:featuredmedia":[{"embeddable":true,"href":"https:\/\/ostrowskatv.pl\/index.php?rest_route=\/wp\/v2\/media\/5253"}],"wp:attachment":[{"href":"https:\/\/ostrowskatv.pl\/index.php?rest_route=%2Fwp%2Fv2%2Fmedia&parent=5247"}],"wp:term":[{"taxonomy":"category","embeddable":true,"href":"https:\/\/ostrowskatv.pl\/index.php?rest_route=%2Fwp%2Fv2%2Fcategories&post=5247"},{"taxonomy":"post_tag","embeddable":true,"href":"https:\/\/ostrowskatv.pl\/index.php?rest_route=%2Fwp%2Fv2%2Ftags&post=5247"}],"curies":[{"name":"wp","href":"https:\/\/api.w.org\/{rel}","templated":true}]}}