{"id":524,"date":"2016-03-03T16:32:15","date_gmt":"2016-03-03T15:32:15","guid":{"rendered":"http:\/\/ostrowska.tv\/?p=524"},"modified":"2016-03-03T16:32:15","modified_gmt":"2016-03-03T15:32:15","slug":"dodatkowe-pieniadze-na-kino-radny-ma-pomysl","status":"publish","type":"post","link":"https:\/\/ostrowskatv.pl\/?p=524","title":{"rendered":"Dodatkowe pieni\u0105dze na kino? Radny ma pomys\u0142"},"content":{"rendered":"<p><strong>Miasto nie mo\u017ce pozyska\u0107 \u015brodk\u00f3w europejskich na Kino Komeda, bo nie jest stuprocentowym w\u0142a\u015bcicielem budynku. Radny ma pomys\u0142, jak rozwi\u0105za\u0107 t\u0119 kwesti\u0119.<\/strong><\/p>\n<p>W styczniu radny Jakub Paduch pyta\u0142 w\u0142adze miasta, czy mo\u017cna przenie\u015b\u0107 projekt mediateki do budynku Komedy i dzi\u0119ki temu pozyska\u0107 tak\u017ce \u015brodki zewn\u0119trzne na konieczny remont kina. W odpowiedzi przeczyta\u0142, \u017ce nie jest to mo\u017cliwe z dw\u00f3ch powod\u00f3w. Po pierwsze, budynek mia\u0142 by\u0107 za ma\u0142y na dwie instytucje, ale poza tym miasto nie jest jego stuprocentowym w\u0142a\u015bcicielem, a to wyklucza pozyskiwanie \u015brodk\u00f3w z Unii Europejskiej.<\/p>\n<p>W zwi\u0105zku z tym radny wyst\u0105pi\u0142 do miasta z kolejnym pytaniem. &#8211; Zapyta\u0142em, czy mo\u017cliwy jest taki podzia\u0142 nieruchomo\u015bci, kt\u00f3ry pozwoli\u0142by miastu sta\u0107 si\u0119 w\u0142a\u015bcicielem kina w 100 proc., bez wykupywania udzia\u0142\u00f3w w budynku \u2013 wyja\u015bnia nam Jakub Paduch.<\/p>\n<p>Radny t\u0142umaczy, \u017ce problem zwi\u0105zany z kinem jest z\u0142o\u017cony. &#8211; Nie chodzi nawet o to, \u017ce swego czasu sprzedany zosta\u0142 hotel, bo ten jest oddzielony tak, \u017ce podzia\u0142 nieruchomo\u015bci by\u0142by bez wi\u0119kszego problemu mo\u017cliwy. Sprzedano jednak r\u00f3wnie\u017c salon sukien \u015blubnych, kt\u00f3ry dwoma pomieszczeniami wchodzi bezpo\u015brednio do budynku kina. W zwi\u0105zku z tym pojawia si\u0119 pytanie, czy mimo to da si\u0119 tak oddzieli\u0107 te pomieszczenia, \u017ce b\u0119dzie mo\u017cliwe wyodr\u0119bnienie kina jako samodzielnego budynku, b\u0119d\u0105cego w 100 proc. w\u0142asno\u015bci\u0105 miasta \u2013 opisuje problem radny.<\/p>\n<p>W\u0142adze miasta zainteresowa\u0142y si\u0119 tematem i zapowiedzia\u0142y, \u017ce ju\u017c wkr\u00f3tce udziel\u0105 w tej sprawie konkretnej odpowiedzi. Gdyby podzia\u0142 sta\u0142 si\u0119 mo\u017cliwy, kino mia\u0142oby \u0142atwiejsz\u0105 drog\u0119 do pozyskiwania \u015brodk\u00f3w zewn\u0119trznych i przeprowadzania inwestycji.<\/p>\n","protected":false},"excerpt":{"rendered":"Miasto nie mo\u017ce pozyska\u0107 \u015brodk\u00f3w europejskich na Kino Komeda, bo nie jest stuprocentowym w\u0142a\u015bcicielem budynku. Radny ma pomys\u0142, jak rozwi\u0105za\u0107 t\u0119 kwesti\u0119. W \n<a class=\"moretag\" href=\"https:\/\/ostrowskatv.pl\/?p=524\"> [...]<\/a>","protected":false},"author":1,"featured_media":261,"comment_status":"open","ping_status":"open","sticky":false,"template":"","format":"standard","meta":{"footnotes":""},"categories":[1],"tags":[14],"class_list":["post-524","post","type-post","status-publish","format-standard","has-post-thumbnail","hentry","category-news","tag-kino"],"_links":{"self":[{"href":"https:\/\/ostrowskatv.pl\/index.php?rest_route=\/wp\/v2\/posts\/524","targetHints":{"allow":["GET"]}}],"collection":[{"href":"https:\/\/ostrowskatv.pl\/index.php?rest_route=\/wp\/v2\/posts"}],"about":[{"href":"https:\/\/ostrowskatv.pl\/index.php?rest_route=\/wp\/v2\/types\/post"}],"author":[{"embeddable":true,"href":"https:\/\/ostrowskatv.pl\/index.php?rest_route=\/wp\/v2\/users\/1"}],"replies":[{"embeddable":true,"href":"https:\/\/ostrowskatv.pl\/index.php?rest_route=%2Fwp%2Fv2%2Fcomments&post=524"}],"version-history":[{"count":0,"href":"https:\/\/ostrowskatv.pl\/index.php?rest_route=\/wp\/v2\/posts\/524\/revisions"}],"wp:featuredmedia":[{"embeddable":true,"href":"https:\/\/ostrowskatv.pl\/index.php?rest_route=\/wp\/v2\/media\/261"}],"wp:attachment":[{"href":"https:\/\/ostrowskatv.pl\/index.php?rest_route=%2Fwp%2Fv2%2Fmedia&parent=524"}],"wp:term":[{"taxonomy":"category","embeddable":true,"href":"https:\/\/ostrowskatv.pl\/index.php?rest_route=%2Fwp%2Fv2%2Fcategories&post=524"},{"taxonomy":"post_tag","embeddable":true,"href":"https:\/\/ostrowskatv.pl\/index.php?rest_route=%2Fwp%2Fv2%2Ftags&post=524"}],"curies":[{"name":"wp","href":"https:\/\/api.w.org\/{rel}","templated":true}]}}