{"id":5224,"date":"2017-11-17T10:16:31","date_gmt":"2017-11-17T09:16:31","guid":{"rendered":"http:\/\/ostrowska.tv\/?p=5224"},"modified":"2017-11-17T10:24:20","modified_gmt":"2017-11-17T09:24:20","slug":"ciezarowy-daf-smiertelnie-potracil-dwoje-pieszych","status":"publish","type":"post","link":"https:\/\/ostrowskatv.pl\/?p=5224","title":{"rendered":"Ci\u0119\u017carowy DAF \u015bmiertelnie potr\u0105ci\u0142 dwoje pieszych"},"content":{"rendered":"<p><strong>Na drodze krajowej nr 15 dosz\u0142o do \u015bmiertelnego potr\u0105cenia dwojga ludzi. Samoch\u00f3d ci\u0119\u017carowy marki DAF uderzy\u0142 w 46-letniego m\u0119\u017cczyzn\u0119 i jego 83-letni\u0105 matk\u0119. Do tragedii dosz\u0142o o godzinie 5:45 w Ko\u017aminie Wielkopolskim. Ofiary przechodzi\u0142y przez przej\u015bcie dla pieszych na prostym odcinku drogi. Byli oni w trakcie schodzenia z jezdni. 61-letni kierowca, mieszkaniec Gniezna, hamowa\u0142, ale zabrak\u0142o kilku metr\u00f3w do zatrzymania pojazdu.<\/strong><\/p>\n<p>Obydwie osoby zmar\u0142y na miejsce, cho\u0107 jedn\u0105 z nich reanimowano.<\/p>\n<div id='gallery-1' class='gallery galleryid-5224 gallery-columns-3 gallery-size-thumbnail'><figure class='gallery-item'>\n\t\t\t<div class='gallery-icon landscape'>\n\t\t\t\t<a href='https:\/\/ostrowskatv.pl\/?attachment_id=5226'><img loading=\"lazy\" decoding=\"async\" width=\"150\" height=\"150\" src=\"https:\/\/ostrowskatv.pl\/wp-content\/uploads\/2017\/11\/kozmin_potracenie1-150x150.jpg\" class=\"attachment-thumbnail size-thumbnail\" alt=\"\" \/><\/a>\n\t\t\t<\/div><\/figure><figure class='gallery-item'>\n\t\t\t<div class='gallery-icon landscape'>\n\t\t\t\t<a href='https:\/\/ostrowskatv.pl\/?attachment_id=5225'><img loading=\"lazy\" decoding=\"async\" width=\"150\" height=\"150\" src=\"https:\/\/ostrowskatv.pl\/wp-content\/uploads\/2017\/11\/kozmin_potracenie2-150x150.jpg\" class=\"attachment-thumbnail size-thumbnail\" alt=\"\" \/><\/a>\n\t\t\t<\/div><\/figure>\n\t\t<\/div>\n\n","protected":false},"excerpt":{"rendered":"Na drodze krajowej nr 15 dosz\u0142o do \u015bmiertelnego potr\u0105cenia dwojga ludzi. Samoch\u00f3d ci\u0119\u017carowy marki DAF uderzy\u0142 w 46-letniego m\u0119\u017cczyzn\u0119 i jego 83-letni\u0105 matk\u0119. \n<a class=\"moretag\" href=\"https:\/\/ostrowskatv.pl\/?p=5224\"> [...]<\/a>","protected":false},"author":1,"featured_media":5226,"comment_status":"open","ping_status":"open","sticky":false,"template":"","format":"standard","meta":{"footnotes":""},"categories":[1],"tags":[143],"class_list":["post-5224","post","type-post","status-publish","format-standard","has-post-thumbnail","hentry","category-news","tag-powiat-krotoszynski"],"_links":{"self":[{"href":"https:\/\/ostrowskatv.pl\/index.php?rest_route=\/wp\/v2\/posts\/5224","targetHints":{"allow":["GET"]}}],"collection":[{"href":"https:\/\/ostrowskatv.pl\/index.php?rest_route=\/wp\/v2\/posts"}],"about":[{"href":"https:\/\/ostrowskatv.pl\/index.php?rest_route=\/wp\/v2\/types\/post"}],"author":[{"embeddable":true,"href":"https:\/\/ostrowskatv.pl\/index.php?rest_route=\/wp\/v2\/users\/1"}],"replies":[{"embeddable":true,"href":"https:\/\/ostrowskatv.pl\/index.php?rest_route=%2Fwp%2Fv2%2Fcomments&post=5224"}],"version-history":[{"count":0,"href":"https:\/\/ostrowskatv.pl\/index.php?rest_route=\/wp\/v2\/posts\/5224\/revisions"}],"wp:featuredmedia":[{"embeddable":true,"href":"https:\/\/ostrowskatv.pl\/index.php?rest_route=\/wp\/v2\/media\/5226"}],"wp:attachment":[{"href":"https:\/\/ostrowskatv.pl\/index.php?rest_route=%2Fwp%2Fv2%2Fmedia&parent=5224"}],"wp:term":[{"taxonomy":"category","embeddable":true,"href":"https:\/\/ostrowskatv.pl\/index.php?rest_route=%2Fwp%2Fv2%2Fcategories&post=5224"},{"taxonomy":"post_tag","embeddable":true,"href":"https:\/\/ostrowskatv.pl\/index.php?rest_route=%2Fwp%2Fv2%2Ftags&post=5224"}],"curies":[{"name":"wp","href":"https:\/\/api.w.org\/{rel}","templated":true}]}}