{"id":5214,"date":"2017-11-12T23:44:55","date_gmt":"2017-11-12T22:44:55","guid":{"rendered":"http:\/\/ostrowska.tv\/?p=5214"},"modified":"2017-11-12T23:46:26","modified_gmt":"2017-11-12T22:46:26","slug":"grozny-wypadek-poszkodowana-zostala-kobieta-w-ciazy","status":"publish","type":"post","link":"https:\/\/ostrowskatv.pl\/?p=5214","title":{"rendered":"Gro\u017any wypadek. Poszkodowana zosta\u0142a kobieta w ci\u0105\u017cy"},"content":{"rendered":"<p><strong>Na drodze wojew\u00f3dzkiej 444 pomi\u0119dzy Odolanowem, a Sulmierzycami dosz\u0142o do wypadku trzech samochod\u00f3w osobowych. Poszkodowana zosta\u0142a kobieta w 4\/5 miesi\u0105cu ci\u0105\u017cy oraz m\u0119\u017cczyzna kieruj\u0105cy\u00a0 samochodem Renault Megane.<\/strong><\/p>\n<p>Do wypadku dosz\u0142o w niedzielny wiecz\u00f3r.\u00a0 O godzinie 20:00 dosz\u0142o do awarii Peugeota 607. Uszkodzony samoch\u00f3d stan\u0105\u0142 cz\u0119\u015bciowo na poboczu drogi, w \u015brodku lasu. Fiat Punto stan\u0105\u0142 przed nim by udzieli\u0107 pomocy. Oba auta jecha\u0142y wcze\u015bniej od Odolanowa. Natomiast od strony Sulmierzyc jecha\u0142 samoch\u00f3d osobowy, kt\u00f3ry \u015bwiat\u0142ami mijania, w deszczow\u0105 noc m\u00f3g\u0142 ograniczy\u0107 widoczno\u015b\u0107 kierowcy Renault Megane jad\u0105cemu od strony Odolanowa.<\/p>\n<p>Osoby wcze\u015bniej, kt\u00f3re wcze\u015bniej jecha\u0142y Peugeotem i Fiatem Punto, opu\u015bci\u0142y pojazdy. Nagle jeden z m\u0119\u017cczyzn krzykn\u0105\u0142 by wszyscy zeszli na pobocze, bo prawdopodobnie nast\u0119pny pojazd jad\u0105cy od Odolanowa w nich wjedzie. I faktycznie po chwili Renault Megane z impetem uderzy\u0142o w ty\u0142 Peugeota. Srebrny pojazd obracaj\u0105c si\u0119 wok\u00f3\u0142 osi uderzy\u0142 w stoj\u0105c\u0105 na poboczu kobiet\u0119 w ci\u0105\u017cy. Poszkodowana wpad\u0142a do przydro\u017cnego rowu, gdzie uskar\u017ca\u0142a si\u0119 na dr\u0119twienie n\u00f3g, co mog\u0142o sugerowa\u0107 uraz kr\u0119gos\u0142upa. Pozosta\u0142ym m\u0119\u017cczyznom z zaparkowanych aut nic si\u0119 nie sta\u0142o.\u00a0Mniej szcz\u0119\u015bcia mia\u0142 kierowca z Renault Megane, kt\u00f3ry uskar\u017ca\u0142 si\u0119 na rozbity nos, jednak nie potwierdzono\u00a0 jego z\u0142amania.<\/p>\n<p>Policja ustala szczeg\u00f3\u0142owe okoliczno\u015bci zdarzenia.<\/p>\n<div id='gallery-1' class='gallery galleryid-5214 gallery-columns-3 gallery-size-thumbnail'><figure class='gallery-item'>\n\t\t\t<div class='gallery-icon landscape'>\n\t\t\t\t<a href='https:\/\/ostrowskatv.pl\/?attachment_id=5215'><img loading=\"lazy\" decoding=\"async\" width=\"150\" height=\"150\" src=\"https:\/\/ostrowskatv.pl\/wp-content\/uploads\/2017\/11\/20171112_202011-150x150.jpg\" class=\"attachment-thumbnail size-thumbnail\" alt=\"\" \/><\/a>\n\t\t\t<\/div><\/figure><figure class='gallery-item'>\n\t\t\t<div class='gallery-icon landscape'>\n\t\t\t\t<a href='https:\/\/ostrowskatv.pl\/?attachment_id=5216'><img loading=\"lazy\" decoding=\"async\" width=\"150\" height=\"150\" src=\"https:\/\/ostrowskatv.pl\/wp-content\/uploads\/2017\/11\/20171112_201928-150x150.jpg\" class=\"attachment-thumbnail size-thumbnail\" alt=\"\" \/><\/a>\n\t\t\t<\/div><\/figure><figure class='gallery-item'>\n\t\t\t<div class='gallery-icon landscape'>\n\t\t\t\t<a href='https:\/\/ostrowskatv.pl\/?attachment_id=5217'><img loading=\"lazy\" decoding=\"async\" width=\"150\" height=\"150\" src=\"https:\/\/ostrowskatv.pl\/wp-content\/uploads\/2017\/11\/20171112_202005-150x150.jpg\" class=\"attachment-thumbnail size-thumbnail\" alt=\"\" \/><\/a>\n\t\t\t<\/div><\/figure><figure class='gallery-item'>\n\t\t\t<div class='gallery-icon landscape'>\n\t\t\t\t<a href='https:\/\/ostrowskatv.pl\/?attachment_id=5218'><img loading=\"lazy\" decoding=\"async\" width=\"150\" height=\"150\" src=\"https:\/\/ostrowskatv.pl\/wp-content\/uploads\/2017\/11\/20171112_201939-150x150.jpg\" class=\"attachment-thumbnail size-thumbnail\" alt=\"\" \/><\/a>\n\t\t\t<\/div><\/figure><figure class='gallery-item'>\n\t\t\t<div class='gallery-icon landscape'>\n\t\t\t\t<a href='https:\/\/ostrowskatv.pl\/?attachment_id=5219'><img loading=\"lazy\" decoding=\"async\" width=\"150\" height=\"150\" src=\"https:\/\/ostrowskatv.pl\/wp-content\/uploads\/2017\/11\/20171112_202128-150x150.jpg\" class=\"attachment-thumbnail size-thumbnail\" alt=\"\" \/><\/a>\n\t\t\t<\/div><\/figure><figure class='gallery-item'>\n\t\t\t<div class='gallery-icon landscape'>\n\t\t\t\t<a href='https:\/\/ostrowskatv.pl\/?attachment_id=5220'><img loading=\"lazy\" decoding=\"async\" width=\"150\" height=\"150\" src=\"https:\/\/ostrowskatv.pl\/wp-content\/uploads\/2017\/11\/20171112_202108-150x150.jpg\" class=\"attachment-thumbnail size-thumbnail\" alt=\"\" \/><\/a>\n\t\t\t<\/div><\/figure><figure class='gallery-item'>\n\t\t\t<div class='gallery-icon landscape'>\n\t\t\t\t<a href='https:\/\/ostrowskatv.pl\/?attachment_id=5221'><img loading=\"lazy\" decoding=\"async\" width=\"150\" height=\"150\" src=\"https:\/\/ostrowskatv.pl\/wp-content\/uploads\/2017\/11\/20171112_201958-150x150.jpg\" class=\"attachment-thumbnail size-thumbnail\" alt=\"\" \/><\/a>\n\t\t\t<\/div><\/figure>\n\t\t<\/div>\n\n<p><iframe loading=\"lazy\" src=\"https:\/\/www.google.com\/maps\/embed?pb=!1m21!1m12!1m3!1d22842.405567333517!2d17.618275089871453!3d51.60001050746334!2m3!1f0!2f0!3f0!3m2!1i1024!2i768!4f13.1!4m6!3e6!4m3!3m2!1d51.597058399999995!2d17.6094135!4m0!5e1!3m2!1spl!2spl!4v1510526775802\" width=\"600\" height=\"450\" frameborder=\"0\" style=\"border:0\" allowfullscreen><\/iframe><\/p>\n","protected":false},"excerpt":{"rendered":"Na drodze wojew\u00f3dzkiej 444 pomi\u0119dzy Odolanowem, a Sulmierzycami dosz\u0142o do wypadku trzech samochod\u00f3w osobowych. Poszkodowana zosta\u0142a kobieta w 4\/5 miesi\u0105cu ci\u0105\u017cy oraz m\u0119\u017cczyzna \n<a class=\"moretag\" href=\"https:\/\/ostrowskatv.pl\/?p=5214\"> [...]<\/a>","protected":false},"author":1,"featured_media":5218,"comment_status":"open","ping_status":"open","sticky":false,"template":"","format":"standard","meta":{"footnotes":""},"categories":[1],"tags":[38],"class_list":["post-5214","post","type-post","status-publish","format-standard","has-post-thumbnail","hentry","category-news","tag-odolanow"],"_links":{"self":[{"href":"https:\/\/ostrowskatv.pl\/index.php?rest_route=\/wp\/v2\/posts\/5214","targetHints":{"allow":["GET"]}}],"collection":[{"href":"https:\/\/ostrowskatv.pl\/index.php?rest_route=\/wp\/v2\/posts"}],"about":[{"href":"https:\/\/ostrowskatv.pl\/index.php?rest_route=\/wp\/v2\/types\/post"}],"author":[{"embeddable":true,"href":"https:\/\/ostrowskatv.pl\/index.php?rest_route=\/wp\/v2\/users\/1"}],"replies":[{"embeddable":true,"href":"https:\/\/ostrowskatv.pl\/index.php?rest_route=%2Fwp%2Fv2%2Fcomments&post=5214"}],"version-history":[{"count":0,"href":"https:\/\/ostrowskatv.pl\/index.php?rest_route=\/wp\/v2\/posts\/5214\/revisions"}],"wp:featuredmedia":[{"embeddable":true,"href":"https:\/\/ostrowskatv.pl\/index.php?rest_route=\/wp\/v2\/media\/5218"}],"wp:attachment":[{"href":"https:\/\/ostrowskatv.pl\/index.php?rest_route=%2Fwp%2Fv2%2Fmedia&parent=5214"}],"wp:term":[{"taxonomy":"category","embeddable":true,"href":"https:\/\/ostrowskatv.pl\/index.php?rest_route=%2Fwp%2Fv2%2Fcategories&post=5214"},{"taxonomy":"post_tag","embeddable":true,"href":"https:\/\/ostrowskatv.pl\/index.php?rest_route=%2Fwp%2Fv2%2Ftags&post=5214"}],"curies":[{"name":"wp","href":"https:\/\/api.w.org\/{rel}","templated":true}]}}