{"id":5189,"date":"2017-11-03T20:28:09","date_gmt":"2017-11-03T19:28:09","guid":{"rendered":"http:\/\/ostrowska.tv\/?p=5189"},"modified":"2017-11-03T20:28:09","modified_gmt":"2017-11-03T19:28:09","slug":"ostrowscy-strazacy-wyciagneli-z-tarapatow-kaliski-woz-pod-ktorym-zarwala-sie-droga","status":"publish","type":"post","link":"https:\/\/ostrowskatv.pl\/?p=5189","title":{"rendered":"Ostrowscy stra\u017cacy wyci\u0105gn\u0119li z tarapat\u00f3w kaliski w\u00f3z, pod kt\u00f3rym zarwa\u0142a si\u0119 droga"},"content":{"rendered":"<p><strong>W pi\u0105tek ostrowska grupa specjalistyczna z ratownictwa drogowego zosta\u0142a wezwana na pomoc do koleg\u00f3w zza miedzy. Ze zg\u0142oszenia wynika\u0142o, \u017ce pod kaliskim wozem stra\u017cy po\u017carem zarwa\u0142a si\u0119 nawierzchnia. Dziura o rozmiarach 3&#215;3 metry i g\u0142\u0119boko\u015bci ponad metra, unieruchomi\u0142a kaliski w\u00f3z ga\u015bniczy, kt\u00f3ry bra\u0142 udzia\u0142 w gaszeniu po\u017caru w pobliskim bloku.<\/strong><\/p>\n<p>W\u00f3z Mega City, b\u0119d\u0105cy na wyposa\u017ceniu ostrowskiej komendy, bardzo rzadko jest wzywany do akcji. Ta dzisiejsza wpisa\u0142a si\u0119 idealnie w jego zakres dzia\u0142ania. Dzi\u0119ki specjalnemu wysi\u0119gnikowi z ty\u0142u, ostrowski w\u00f3z podni\u00f3s\u0142 &#8222;kaliszaka&#8221; i umo\u017cliwi\u0142 mu wyjazd z pu\u0142apki. Ta powsta\u0142a najpewniej w skutek awarii sieci deszczowej, kt\u00f3ra przez d\u0142ugi czas wymywa\u0142a ziemi\u0119 spod kostki brukowej.<\/p>\n<p>Jak wida\u0107, ostrowscy stra\u017cacy bez trudu mog\u0105 i potrafi\u0105 pom\u00f3c kaliskim &#8222;braciom&#8221;. Dodatkowo mo\u017ce cieszy\u0107 fakt, \u017ce Ostr\u00f3w Wielkopolski dysponuje lepszymi wozami ni\u017c te w Kaliszu \ud83d\ude09<\/p>\n<div id='gallery-1' class='gallery galleryid-5189 gallery-columns-3 gallery-size-thumbnail'><figure class='gallery-item'>\n\t\t\t<div class='gallery-icon landscape'>\n\t\t\t\t<a href='https:\/\/ostrowskatv.pl\/?attachment_id=5190'><img loading=\"lazy\" decoding=\"async\" width=\"150\" height=\"150\" src=\"https:\/\/ostrowskatv.pl\/wp-content\/uploads\/2017\/11\/straz_ostrowkaliszu0-150x150.jpg\" class=\"attachment-thumbnail size-thumbnail\" alt=\"\" \/><\/a>\n\t\t\t<\/div><\/figure><figure class='gallery-item'>\n\t\t\t<div class='gallery-icon landscape'>\n\t\t\t\t<a href='https:\/\/ostrowskatv.pl\/?attachment_id=5191'><img loading=\"lazy\" decoding=\"async\" width=\"150\" height=\"150\" src=\"https:\/\/ostrowskatv.pl\/wp-content\/uploads\/2017\/11\/straz_ostrowkaliszu1-150x150.jpg\" class=\"attachment-thumbnail size-thumbnail\" alt=\"\" \/><\/a>\n\t\t\t<\/div><\/figure><figure class='gallery-item'>\n\t\t\t<div class='gallery-icon landscape'>\n\t\t\t\t<a href='https:\/\/ostrowskatv.pl\/?attachment_id=5192'><img loading=\"lazy\" decoding=\"async\" width=\"150\" height=\"150\" src=\"https:\/\/ostrowskatv.pl\/wp-content\/uploads\/2017\/11\/straz_ostrowkaliszu2-150x150.jpg\" class=\"attachment-thumbnail size-thumbnail\" alt=\"\" \/><\/a>\n\t\t\t<\/div><\/figure><figure class='gallery-item'>\n\t\t\t<div class='gallery-icon landscape'>\n\t\t\t\t<a href='https:\/\/ostrowskatv.pl\/?attachment_id=5193'><img loading=\"lazy\" decoding=\"async\" width=\"150\" height=\"150\" src=\"https:\/\/ostrowskatv.pl\/wp-content\/uploads\/2017\/11\/straz_ostrowkaliszu3-150x150.jpg\" class=\"attachment-thumbnail size-thumbnail\" alt=\"\" \/><\/a>\n\t\t\t<\/div><\/figure>\n\t\t<\/div>\n\n","protected":false},"excerpt":{"rendered":"W pi\u0105tek ostrowska grupa specjalistyczna z ratownictwa drogowego zosta\u0142a wezwana na pomoc do koleg\u00f3w zza miedzy. Ze zg\u0142oszenia wynika\u0142o, \u017ce pod kaliskim wozem \n<a class=\"moretag\" href=\"https:\/\/ostrowskatv.pl\/?p=5189\"> [...]<\/a>","protected":false},"author":1,"featured_media":5190,"comment_status":"open","ping_status":"open","sticky":false,"template":"","format":"standard","meta":{"footnotes":""},"categories":[1],"tags":[80],"class_list":["post-5189","post","type-post","status-publish","format-standard","has-post-thumbnail","hentry","category-news","tag-kalisz"],"_links":{"self":[{"href":"https:\/\/ostrowskatv.pl\/index.php?rest_route=\/wp\/v2\/posts\/5189","targetHints":{"allow":["GET"]}}],"collection":[{"href":"https:\/\/ostrowskatv.pl\/index.php?rest_route=\/wp\/v2\/posts"}],"about":[{"href":"https:\/\/ostrowskatv.pl\/index.php?rest_route=\/wp\/v2\/types\/post"}],"author":[{"embeddable":true,"href":"https:\/\/ostrowskatv.pl\/index.php?rest_route=\/wp\/v2\/users\/1"}],"replies":[{"embeddable":true,"href":"https:\/\/ostrowskatv.pl\/index.php?rest_route=%2Fwp%2Fv2%2Fcomments&post=5189"}],"version-history":[{"count":0,"href":"https:\/\/ostrowskatv.pl\/index.php?rest_route=\/wp\/v2\/posts\/5189\/revisions"}],"wp:featuredmedia":[{"embeddable":true,"href":"https:\/\/ostrowskatv.pl\/index.php?rest_route=\/wp\/v2\/media\/5190"}],"wp:attachment":[{"href":"https:\/\/ostrowskatv.pl\/index.php?rest_route=%2Fwp%2Fv2%2Fmedia&parent=5189"}],"wp:term":[{"taxonomy":"category","embeddable":true,"href":"https:\/\/ostrowskatv.pl\/index.php?rest_route=%2Fwp%2Fv2%2Fcategories&post=5189"},{"taxonomy":"post_tag","embeddable":true,"href":"https:\/\/ostrowskatv.pl\/index.php?rest_route=%2Fwp%2Fv2%2Ftags&post=5189"}],"curies":[{"name":"wp","href":"https:\/\/api.w.org\/{rel}","templated":true}]}}