{"id":5153,"date":"2017-10-29T13:58:13","date_gmt":"2017-10-29T12:58:13","guid":{"rendered":"http:\/\/ostrowska.tv\/?p=5153"},"modified":"2017-10-29T13:58:13","modified_gmt":"2017-10-29T12:58:13","slug":"orkan-grzegorz-uratowano-konia-i-psa-z-zawalonego-budynku","status":"publish","type":"post","link":"https:\/\/ostrowskatv.pl\/?p=5153","title":{"rendered":"Orkan Grzegorz &#8211; uratowano konia i psa z zawalonego budynku"},"content":{"rendered":"<p><strong>Orkan Grzegorz przeszed\u0142 r\u00f3wnie\u017c przez po\u0142udniow\u0105 cz\u0119\u015b\u0107 Wielkopolski. Poza z\u0142amanymi drzewami i zerwanymi liniami energetycznymi dosz\u0142o do zawalenia si\u0119 wi\u0119kszej cz\u0119\u015bci budynku gospodarczego w Gorzycach Ma\u0142ych. W \u015brodku przebywa\u0142 ko\u0144 oraz pies &#8222;Wojtu\u015b&#8221;.<\/strong><\/p>\n<p>Gospodarz po zorientowaniu si\u0119 w sytuacji, pobieg\u0142 pod pobliski sklep gdzie poprosi\u0142 zgromadzonych m\u0119\u017cczyzn o pomoc w ewakuacji zwierz\u0105t. Z zawalonego budynku wyprowadzono jedynego konia oraz psa. Na miejsce przyby\u0142a stra\u017c po\u017carna by upewni\u0107 si\u0119 czy jeszcze trzeba udzieli\u0107 pomocy. Budynek by\u0142 jednak na tyle zniszczony, \u017ce podj\u0119to decyzj\u0119 o nieokrywaniu go foli\u0105.<\/p>\n<div id='gallery-1' class='gallery galleryid-5153 gallery-columns-3 gallery-size-thumbnail'><figure class='gallery-item'>\n\t\t\t<div class='gallery-icon landscape'>\n\t\t\t\t<a href='https:\/\/ostrowskatv.pl\/?attachment_id=5161'><img loading=\"lazy\" decoding=\"async\" width=\"150\" height=\"150\" src=\"https:\/\/ostrowskatv.pl\/wp-content\/uploads\/2017\/10\/orkan_grzegorz_08-150x150.jpg\" class=\"attachment-thumbnail size-thumbnail\" alt=\"\" \/><\/a>\n\t\t\t<\/div><\/figure><figure class='gallery-item'>\n\t\t\t<div class='gallery-icon landscape'>\n\t\t\t\t<a href='https:\/\/ostrowskatv.pl\/?attachment_id=5160'><img loading=\"lazy\" decoding=\"async\" width=\"150\" height=\"150\" src=\"https:\/\/ostrowskatv.pl\/wp-content\/uploads\/2017\/10\/orkan_grzegorz_07-150x150.jpg\" class=\"attachment-thumbnail size-thumbnail\" alt=\"\" \/><\/a>\n\t\t\t<\/div><\/figure><figure class='gallery-item'>\n\t\t\t<div class='gallery-icon landscape'>\n\t\t\t\t<a href='https:\/\/ostrowskatv.pl\/?attachment_id=5154'><img loading=\"lazy\" decoding=\"async\" width=\"150\" height=\"150\" src=\"https:\/\/ostrowskatv.pl\/wp-content\/uploads\/2017\/10\/orkan_grzegorz_01-150x150.jpg\" class=\"attachment-thumbnail size-thumbnail\" alt=\"\" \/><\/a>\n\t\t\t<\/div><\/figure><figure class='gallery-item'>\n\t\t\t<div class='gallery-icon landscape'>\n\t\t\t\t<a href='https:\/\/ostrowskatv.pl\/?attachment_id=5159'><img loading=\"lazy\" decoding=\"async\" width=\"150\" height=\"150\" src=\"https:\/\/ostrowskatv.pl\/wp-content\/uploads\/2017\/10\/orkan_grzegorz_06-150x150.jpg\" class=\"attachment-thumbnail size-thumbnail\" alt=\"\" \/><\/a>\n\t\t\t<\/div><\/figure><figure class='gallery-item'>\n\t\t\t<div class='gallery-icon landscape'>\n\t\t\t\t<a href='https:\/\/ostrowskatv.pl\/?attachment_id=5158'><img loading=\"lazy\" decoding=\"async\" width=\"150\" height=\"150\" src=\"https:\/\/ostrowskatv.pl\/wp-content\/uploads\/2017\/10\/orkan_grzegorz_05-150x150.jpg\" class=\"attachment-thumbnail size-thumbnail\" alt=\"\" \/><\/a>\n\t\t\t<\/div><\/figure><figure class='gallery-item'>\n\t\t\t<div class='gallery-icon landscape'>\n\t\t\t\t<a href='https:\/\/ostrowskatv.pl\/?attachment_id=5156'><img loading=\"lazy\" decoding=\"async\" width=\"150\" height=\"150\" src=\"https:\/\/ostrowskatv.pl\/wp-content\/uploads\/2017\/10\/orkan_grzegorz_03-150x150.jpg\" class=\"attachment-thumbnail size-thumbnail\" alt=\"\" \/><\/a>\n\t\t\t<\/div><\/figure><figure class='gallery-item'>\n\t\t\t<div class='gallery-icon landscape'>\n\t\t\t\t<a href='https:\/\/ostrowskatv.pl\/?attachment_id=5157'><img loading=\"lazy\" decoding=\"async\" width=\"150\" height=\"150\" src=\"https:\/\/ostrowskatv.pl\/wp-content\/uploads\/2017\/10\/orkan_grzegorz_04-150x150.jpg\" class=\"attachment-thumbnail size-thumbnail\" alt=\"\" \/><\/a>\n\t\t\t<\/div><\/figure><figure class='gallery-item'>\n\t\t\t<div class='gallery-icon landscape'>\n\t\t\t\t<a href='https:\/\/ostrowskatv.pl\/?attachment_id=5155'><img loading=\"lazy\" decoding=\"async\" width=\"150\" height=\"150\" src=\"https:\/\/ostrowskatv.pl\/wp-content\/uploads\/2017\/10\/orkan_grzegorz_02-150x150.jpg\" class=\"attachment-thumbnail size-thumbnail\" alt=\"\" \/><\/a>\n\t\t\t<\/div><\/figure>\n\t\t<\/div>\n\n","protected":false},"excerpt":{"rendered":"Orkan Grzegorz przeszed\u0142 r\u00f3wnie\u017c przez po\u0142udniow\u0105 cz\u0119\u015b\u0107 Wielkopolski. Poza z\u0142amanymi drzewami i zerwanymi liniami energetycznymi dosz\u0142o do zawalenia si\u0119 wi\u0119kszej cz\u0119\u015bci budynku gospodarczego \n<a class=\"moretag\" href=\"https:\/\/ostrowskatv.pl\/?p=5153\"> [...]<\/a>","protected":false},"author":1,"featured_media":5159,"comment_status":"open","ping_status":"open","sticky":false,"template":"","format":"standard","meta":{"footnotes":""},"categories":[1],"tags":[147],"class_list":["post-5153","post","type-post","status-publish","format-standard","has-post-thumbnail","hentry","category-news","tag-gorzyce-male"],"_links":{"self":[{"href":"https:\/\/ostrowskatv.pl\/index.php?rest_route=\/wp\/v2\/posts\/5153","targetHints":{"allow":["GET"]}}],"collection":[{"href":"https:\/\/ostrowskatv.pl\/index.php?rest_route=\/wp\/v2\/posts"}],"about":[{"href":"https:\/\/ostrowskatv.pl\/index.php?rest_route=\/wp\/v2\/types\/post"}],"author":[{"embeddable":true,"href":"https:\/\/ostrowskatv.pl\/index.php?rest_route=\/wp\/v2\/users\/1"}],"replies":[{"embeddable":true,"href":"https:\/\/ostrowskatv.pl\/index.php?rest_route=%2Fwp%2Fv2%2Fcomments&post=5153"}],"version-history":[{"count":0,"href":"https:\/\/ostrowskatv.pl\/index.php?rest_route=\/wp\/v2\/posts\/5153\/revisions"}],"wp:featuredmedia":[{"embeddable":true,"href":"https:\/\/ostrowskatv.pl\/index.php?rest_route=\/wp\/v2\/media\/5159"}],"wp:attachment":[{"href":"https:\/\/ostrowskatv.pl\/index.php?rest_route=%2Fwp%2Fv2%2Fmedia&parent=5153"}],"wp:term":[{"taxonomy":"category","embeddable":true,"href":"https:\/\/ostrowskatv.pl\/index.php?rest_route=%2Fwp%2Fv2%2Fcategories&post=5153"},{"taxonomy":"post_tag","embeddable":true,"href":"https:\/\/ostrowskatv.pl\/index.php?rest_route=%2Fwp%2Fv2%2Ftags&post=5153"}],"curies":[{"name":"wp","href":"https:\/\/api.w.org\/{rel}","templated":true}]}}