{"id":5150,"date":"2017-10-27T14:52:51","date_gmt":"2017-10-27T13:52:51","guid":{"rendered":"http:\/\/ostrowska.tv\/?p=5150"},"modified":"2017-10-27T14:52:51","modified_gmt":"2017-10-27T13:52:51","slug":"zderzenie-bema-kordeckiego","status":"publish","type":"post","link":"https:\/\/ostrowskatv.pl\/?p=5150","title":{"rendered":"Zderzenie Bema-Kordeckiego"},"content":{"rendered":"<p><strong>W pi\u0105tek przed po\u0142udniem dosz\u0142o do zderzenia si\u0119 dw\u00f3ch aut osobowych na skrzy\u017cowaniu ulic Bema\/Kordeckiego w Ostrowie Wielkopolskim. Kierowca Citroena Picasso, kt\u00f3ry cz\u0119sto przeje\u017cd\u017ca przez to skrzy\u017cowanie, nie zauwa\u017cy\u0142 tym razem czerwonego \u015bwiata na sygnalizatorze. W efekcie spowodowa\u0142, \u017ce bus marki Renault uderzy\u0142 w bok jego auta. O dziwo nikt nie dozna\u0142 nawet najmniejszych obra\u017ce\u0144.<\/strong><\/p>\n<div id='gallery-1' class='gallery galleryid-5150 gallery-columns-3 gallery-size-thumbnail'><figure class='gallery-item'>\n\t\t\t<div class='gallery-icon landscape'>\n\t\t\t\t<a href='https:\/\/ostrowskatv.pl\/?attachment_id=5151'><img loading=\"lazy\" decoding=\"async\" width=\"150\" height=\"150\" src=\"https:\/\/ostrowskatv.pl\/wp-content\/uploads\/2017\/10\/bema_kordeckiego-150x150.jpg\" class=\"attachment-thumbnail size-thumbnail\" alt=\"\" \/><\/a>\n\t\t\t<\/div><\/figure>\n\t\t<\/div>\n\n","protected":false},"excerpt":{"rendered":"W pi\u0105tek przed po\u0142udniem dosz\u0142o do zderzenia si\u0119 dw\u00f3ch aut osobowych na skrzy\u017cowaniu ulic Bema\/Kordeckiego w Ostrowie Wielkopolskim. Kierowca Citroena Picasso, kt\u00f3ry cz\u0119sto \n<a class=\"moretag\" href=\"https:\/\/ostrowskatv.pl\/?p=5150\"> [...]<\/a>","protected":false},"author":1,"featured_media":5151,"comment_status":"open","ping_status":"open","sticky":false,"template":"","format":"standard","meta":{"footnotes":""},"categories":[1],"tags":[2],"class_list":["post-5150","post","type-post","status-publish","format-standard","has-post-thumbnail","hentry","category-news","tag-ostrow-wielkopolski"],"_links":{"self":[{"href":"https:\/\/ostrowskatv.pl\/index.php?rest_route=\/wp\/v2\/posts\/5150","targetHints":{"allow":["GET"]}}],"collection":[{"href":"https:\/\/ostrowskatv.pl\/index.php?rest_route=\/wp\/v2\/posts"}],"about":[{"href":"https:\/\/ostrowskatv.pl\/index.php?rest_route=\/wp\/v2\/types\/post"}],"author":[{"embeddable":true,"href":"https:\/\/ostrowskatv.pl\/index.php?rest_route=\/wp\/v2\/users\/1"}],"replies":[{"embeddable":true,"href":"https:\/\/ostrowskatv.pl\/index.php?rest_route=%2Fwp%2Fv2%2Fcomments&post=5150"}],"version-history":[{"count":0,"href":"https:\/\/ostrowskatv.pl\/index.php?rest_route=\/wp\/v2\/posts\/5150\/revisions"}],"wp:featuredmedia":[{"embeddable":true,"href":"https:\/\/ostrowskatv.pl\/index.php?rest_route=\/wp\/v2\/media\/5151"}],"wp:attachment":[{"href":"https:\/\/ostrowskatv.pl\/index.php?rest_route=%2Fwp%2Fv2%2Fmedia&parent=5150"}],"wp:term":[{"taxonomy":"category","embeddable":true,"href":"https:\/\/ostrowskatv.pl\/index.php?rest_route=%2Fwp%2Fv2%2Fcategories&post=5150"},{"taxonomy":"post_tag","embeddable":true,"href":"https:\/\/ostrowskatv.pl\/index.php?rest_route=%2Fwp%2Fv2%2Ftags&post=5150"}],"curies":[{"name":"wp","href":"https:\/\/api.w.org\/{rel}","templated":true}]}}