{"id":513,"date":"2016-03-03T11:07:59","date_gmt":"2016-03-03T10:07:59","guid":{"rendered":"http:\/\/ostrowska.tv\/?p=513"},"modified":"2016-03-03T11:28:21","modified_gmt":"2016-03-03T10:28:21","slug":"odpowiedz-na-material-lokalnej-telewizji","status":"publish","type":"post","link":"https:\/\/ostrowskatv.pl\/?p=513","title":{"rendered":"Odpowied\u017a na materia\u0142 lokalnej telewizji"},"content":{"rendered":"<p><strong>Jedna z lokalnych telewizji przygotowa\u0142a w ostatnich dniach materia\u0142, kt\u00f3ry zarzuca\u0142 mi, jako redaktorowi Markowi Radziszewskiemu, pom\u00f3wienia i by\u0142 pr\u00f3b\u0105 &#8222;ocieplenia&#8221; wizerunku zwyci\u0119zcy jednej z edycji Plebiscytu &#8222;Ostrowianin Roku&#8221;.<\/strong><\/p>\n<p>Poprosi\u0142em o niezale\u017cn\u0105 opini\u0119 prawn\u0105, cho\u0107 tak naprawd\u0119 stwierdzenia potwierdzaj\u0105ce win\u0119 zwyci\u0119zcy plebiscytu &#8222;Ostrowianin Roku&#8221; znajduj\u0105 si\u0119 w uzasadnieniu wyroku s\u0105du.<\/p>\n<p>&#8211; Je\u015bli wobec kogokolwiek s\u0105d zastosowa\u0142 warunkowe umorzenie post\u0119powania na okres pr\u00f3by, to ta osoba nie ma prawa m\u00f3wi\u0107, \u017ce zosta\u0142a uniewinniona \u2013 podkre\u015bla mecenas <strong>Katarzyna Necel.<\/strong> &#8211; To forma poniesienia odpowiedzialno\u015bci karnej za dany czyn. Warunkowe umorzenie post\u0119powania karnego mo\u017ce by\u0107 zastosowane, kiedy wina i okoliczno\u015bci pope\u0142nienia czynu nie budz\u0105 \u017cadnych w\u0105tpliwo\u015bci \u2013 dodaje <strong>Katarzyna Necel.<\/strong><\/p>\n<p>Prezentuj\u0119 Pa\u0144stwu poni\u017cej ca\u0142o\u015b\u0107 uzasadnienia wyroku s\u0105du w omawianej sprawie. Na jednej ze stron mo\u017cna przeczyta\u0107 zdanie, kt\u00f3re potwierdza s\u0142owa mecenas <strong>Katarzyny Necel.<\/strong> <em>&#8222;W ocenie s\u0105du z powod\u00f3w przytoczonych powy\u017cej, sprawstwo oskar\u017conego nie budzi w\u0105tpliwo\u015bci&#8221;.<\/em> To rozwiewa wszelkie w\u0105tpliwo\u015bci.<\/p>\n<p>&#8211; Z ca\u0142\u0105 pewno\u015bci\u0105 powa\u017cnie rozwa\u017c\u0119 skierowanie sprawy na drog\u0105 s\u0105dow\u0105. To ju\u017c nie pierwszy raz, kiedy w stosunku do mojej osoby dokonywane s\u0105 obrzydliwe manipulacje. Pani, kt\u00f3ra wypowiedzia\u0142a te s\u0142owa, tym razem przekroczy\u0142a pewn\u0105 granic\u0119 \u2013 wyja\u015bnia Marek Radziszewski.<\/p>\n<div style=\"width: 640px;\" class=\"wp-video\"><video class=\"wp-video-shortcode\" id=\"video-513-1\" width=\"640\" height=\"480\" preload=\"metadata\" controls=\"controls\"><source type=\"video\/mp4\" src=\"http:\/\/ostrowska.tv\/wp-content\/uploads\/2016\/03\/katarzyna-necel-ostrowianin.mp4?_=1\" \/><a href=\"http:\/\/ostrowska.tv\/wp-content\/uploads\/2016\/03\/katarzyna-necel-ostrowianin.mp4\">http:\/\/ostrowska.tv\/wp-content\/uploads\/2016\/03\/katarzyna-necel-ostrowianin.mp4<\/a><\/video><\/div>\n<div id='gallery-1' class='gallery galleryid-513 gallery-columns-3 gallery-size-thumbnail'><figure class='gallery-item'>\n\t\t\t<div class='gallery-icon portrait'>\n\t\t\t\t<a href='https:\/\/ostrowskatv.pl\/?attachment_id=521'><img loading=\"lazy\" decoding=\"async\" width=\"150\" height=\"150\" src=\"https:\/\/ostrowskatv.pl\/wp-content\/uploads\/2016\/03\/IMG_20160301_125706-150x150.jpg\" class=\"attachment-thumbnail size-thumbnail\" alt=\"\" \/><\/a>\n\t\t\t<\/div><\/figure><figure class='gallery-item'>\n\t\t\t<div class='gallery-icon landscape'>\n\t\t\t\t<a href='https:\/\/ostrowskatv.pl\/?attachment_id=520'><img loading=\"lazy\" decoding=\"async\" width=\"150\" height=\"150\" src=\"https:\/\/ostrowskatv.pl\/wp-content\/uploads\/2016\/03\/IMG_20160301_125632-150x150.jpg\" class=\"attachment-thumbnail size-thumbnail\" alt=\"\" \/><\/a>\n\t\t\t<\/div><\/figure><figure class='gallery-item'>\n\t\t\t<div class='gallery-icon landscape'>\n\t\t\t\t<a href='https:\/\/ostrowskatv.pl\/?attachment_id=522'><img loading=\"lazy\" decoding=\"async\" width=\"150\" height=\"150\" src=\"https:\/\/ostrowskatv.pl\/wp-content\/uploads\/2016\/03\/IMG_20160301_125825-150x150.jpg\" class=\"attachment-thumbnail size-thumbnail\" alt=\"\" \/><\/a>\n\t\t\t<\/div><\/figure>\n\t\t<\/div>\n\n","protected":false},"excerpt":{"rendered":"Jedna z lokalnych telewizji przygotowa\u0142a w ostatnich dniach materia\u0142, kt\u00f3ry zarzuca\u0142 mi, jako redaktorowi Markowi Radziszewskiemu, pom\u00f3wienia i by\u0142 pr\u00f3b\u0105 &#8222;ocieplenia&#8221; wizerunku zwyci\u0119zcy \n<a class=\"moretag\" href=\"https:\/\/ostrowskatv.pl\/?p=513\"> [...]<\/a>","protected":false},"author":1,"featured_media":514,"comment_status":"open","ping_status":"open","sticky":false,"template":"","format":"standard","meta":{"footnotes":""},"categories":[1],"tags":[58],"class_list":["post-513","post","type-post","status-publish","format-standard","has-post-thumbnail","hentry","category-news","tag-afera"],"_links":{"self":[{"href":"https:\/\/ostrowskatv.pl\/index.php?rest_route=\/wp\/v2\/posts\/513","targetHints":{"allow":["GET"]}}],"collection":[{"href":"https:\/\/ostrowskatv.pl\/index.php?rest_route=\/wp\/v2\/posts"}],"about":[{"href":"https:\/\/ostrowskatv.pl\/index.php?rest_route=\/wp\/v2\/types\/post"}],"author":[{"embeddable":true,"href":"https:\/\/ostrowskatv.pl\/index.php?rest_route=\/wp\/v2\/users\/1"}],"replies":[{"embeddable":true,"href":"https:\/\/ostrowskatv.pl\/index.php?rest_route=%2Fwp%2Fv2%2Fcomments&post=513"}],"version-history":[{"count":0,"href":"https:\/\/ostrowskatv.pl\/index.php?rest_route=\/wp\/v2\/posts\/513\/revisions"}],"wp:featuredmedia":[{"embeddable":true,"href":"https:\/\/ostrowskatv.pl\/index.php?rest_route=\/wp\/v2\/media\/514"}],"wp:attachment":[{"href":"https:\/\/ostrowskatv.pl\/index.php?rest_route=%2Fwp%2Fv2%2Fmedia&parent=513"}],"wp:term":[{"taxonomy":"category","embeddable":true,"href":"https:\/\/ostrowskatv.pl\/index.php?rest_route=%2Fwp%2Fv2%2Fcategories&post=513"},{"taxonomy":"post_tag","embeddable":true,"href":"https:\/\/ostrowskatv.pl\/index.php?rest_route=%2Fwp%2Fv2%2Ftags&post=513"}],"curies":[{"name":"wp","href":"https:\/\/api.w.org\/{rel}","templated":true}]}}