{"id":510,"date":"2016-03-02T20:02:31","date_gmt":"2016-03-02T19:02:31","guid":{"rendered":"http:\/\/ostrowska.tv\/?p=510"},"modified":"2016-03-02T20:02:31","modified_gmt":"2016-03-02T19:02:31","slug":"oszukane-dzieci-galeria-zaprzecza","status":"publish","type":"post","link":"https:\/\/ostrowskatv.pl\/?p=510","title":{"rendered":"Oszukane dzieci? Galeria zaprzecza"},"content":{"rendered":"<p><strong>Do naszej redakcji zg\u0142osi\u0142a si\u0119 matka, kt\u00f3ra twierdzi, \u017ce mi\u0119dzy innymi jej dziecko, zosta\u0142o oszukane przez Galeri\u0119 Ostrovia. Dyrekcja zaprzecza i wyja\u015bnia ca\u0142\u0105 sytuacj\u0119.<\/strong><\/p>\n<p>Sprawa dotyczy akcji &#8222;Akademia Malucha&#8221;, kt\u00f3ra rozpocz\u0119\u0142a si\u0119 25 wrze\u015bnia ubieg\u0142ego roku. Pierwsze plany zak\u0142ada\u0142y, \u017ce potrwa do czerwca 2016 roku. <em>&#8211; Okaza\u0142o si\u0119 jednak, \u017ce dalszego ci\u0105gu nie b\u0119dzie, bo organizator si\u0119 wycofa\u0142. Dzieci zbiera\u0142y przez p\u00f3\u0142 roku piecz\u0105tki, a jak mia\u0142y otrzyma\u0107 nagrody g\u0142\u00f3wne, to Galeria Ostrovia i organizator zrezygnowali. Dzieci zosta\u0142y oszukane!<\/em> &#8211; m\u00f3wi w rozmowie z nasz\u0105 redakcj\u0105 matka jednego z dzieci.<\/p>\n<p>Zupe\u0142nie inaczej na ca\u0142\u0105 spraw\u0119 spogl\u0105da Dyrekcja Galerii Ostrovia. W jej ocenie o \u017cadnym oszustwie nie ma mowy. &#8211; <em>Projekt zosta\u0142 przerwany, ale poinformowali\u015bmy o tym z du\u017cym wyprzedzeniem. Dzieci zbiera\u0142y stempelki, kt\u00f3re pojawia\u0142y si\u0119 w specjalnej ksi\u0105\u017ceczce. Co pi\u0105te zaj\u0119cia otrzymywa\u0142y nagrody. Uda\u0142o im zebra\u0107 bidon, pi\u0142k\u0119, gr\u0119 i plecak. Kolejnymi mia\u0142y by\u0107 hulajnoga i rower. Event zosta\u0142 jednak przerwany i wszyscy, niezale\u017cnie od tego, czy mieli odpowiedni\u0105 liczb\u0119 piecz\u0105tek, otrzymali plecak. Na koniec zorganizowany zosta\u0142 r\u00f3wnie\u017c bal, podczas kt\u00f3rego pojawi\u0142 si\u0119 tort<\/em> &#8211; t\u0142umaczy nam Dyrekcja Galerii Ostrovia.<\/p>\n<p>Przedstawiciele galerii przekonuj\u0105, \u017ce informacja ustna w sprawie zaprzestania eventu pojawi\u0142a si\u0119 ju\u017c w styczniu. P\u00f3\u017aniej mia\u0142a zosta\u0107 potwierdzona w formie plakatu, na Facebooku i stronie internetowej. &#8211; <em>Informacja by\u0142a dost\u0119pna z wyprzedzeniem. Nie zgadzamy si\u0119 ze stwierdzeniem, \u017ce kto\u015b zosta\u0142 oszukany. Tak mog\u0142oby by\u0107, gdyby dzieci ucz\u0119szcza\u0142y na zaj\u0119cia do ko\u0144ca czerwca i nie dosta\u0142y wspomnianego roweru. Wszystko trwa\u0142o jednak do ko\u0144ca lutego i w zwi\u0105zku z tym rozdali\u015bmy plecaki. O oszustwie nie ma mowy, bo ka\u017cdy dosta\u0142 nagrod\u0119, kt\u00f3ra mu si\u0119 nale\u017ca\u0142a. Projekt przerwali\u015bmy, bo taka by\u0142a decyzja centrali z Niemiec<\/em> \u2013 przekonuje Dyrekcja Galerii Ostrovia.<\/p>\n<p>Kto w ca\u0142ej sprawie ma racj\u0119? <strong>Zach\u0119camy do dyskusji w komentarzach<\/strong><\/p>\n","protected":false},"excerpt":{"rendered":"Do naszej redakcji zg\u0142osi\u0142a si\u0119 matka, kt\u00f3ra twierdzi, \u017ce mi\u0119dzy innymi jej dziecko, zosta\u0142o oszukane przez Galeri\u0119 Ostrovia. Dyrekcja zaprzecza i wyja\u015bnia ca\u0142\u0105 \n<a class=\"moretag\" href=\"https:\/\/ostrowskatv.pl\/?p=510\"> [...]<\/a>","protected":false},"author":1,"featured_media":511,"comment_status":"open","ping_status":"open","sticky":false,"template":"","format":"standard","meta":{"footnotes":""},"categories":[1],"tags":[57],"class_list":["post-510","post","type-post","status-publish","format-standard","has-post-thumbnail","hentry","category-news","tag-galeria"],"_links":{"self":[{"href":"https:\/\/ostrowskatv.pl\/index.php?rest_route=\/wp\/v2\/posts\/510","targetHints":{"allow":["GET"]}}],"collection":[{"href":"https:\/\/ostrowskatv.pl\/index.php?rest_route=\/wp\/v2\/posts"}],"about":[{"href":"https:\/\/ostrowskatv.pl\/index.php?rest_route=\/wp\/v2\/types\/post"}],"author":[{"embeddable":true,"href":"https:\/\/ostrowskatv.pl\/index.php?rest_route=\/wp\/v2\/users\/1"}],"replies":[{"embeddable":true,"href":"https:\/\/ostrowskatv.pl\/index.php?rest_route=%2Fwp%2Fv2%2Fcomments&post=510"}],"version-history":[{"count":0,"href":"https:\/\/ostrowskatv.pl\/index.php?rest_route=\/wp\/v2\/posts\/510\/revisions"}],"wp:featuredmedia":[{"embeddable":true,"href":"https:\/\/ostrowskatv.pl\/index.php?rest_route=\/wp\/v2\/media\/511"}],"wp:attachment":[{"href":"https:\/\/ostrowskatv.pl\/index.php?rest_route=%2Fwp%2Fv2%2Fmedia&parent=510"}],"wp:term":[{"taxonomy":"category","embeddable":true,"href":"https:\/\/ostrowskatv.pl\/index.php?rest_route=%2Fwp%2Fv2%2Fcategories&post=510"},{"taxonomy":"post_tag","embeddable":true,"href":"https:\/\/ostrowskatv.pl\/index.php?rest_route=%2Fwp%2Fv2%2Ftags&post=510"}],"curies":[{"name":"wp","href":"https:\/\/api.w.org\/{rel}","templated":true}]}}