{"id":507,"date":"2016-03-02T11:20:37","date_gmt":"2016-03-02T10:20:37","guid":{"rendered":"http:\/\/ostrowska.tv\/?p=507"},"modified":"2016-03-02T11:20:37","modified_gmt":"2016-03-02T10:20:37","slug":"problem-w-przedszkolami-pis-bedzie-interweniowac","status":"publish","type":"post","link":"https:\/\/ostrowskatv.pl\/?p=507","title":{"rendered":"Problem w przedszkolami? PiS b\u0119dzie interweniowa\u0107"},"content":{"rendered":"<p><strong>Od wrze\u015bnia dzieci 6-letnie nie b\u0119d\u0105 musia\u0142y p\u00f3j\u015b\u0107 do szko\u0142y. Rodzice b\u0119d\u0105 mie\u0107 wyb\u00f3r i wys\u0142a\u0107 je do przedszkoli lub podstaw\u00f3wek. PiS zapowiada, \u017ce samorz\u0105dy musz\u0105 dostosowa\u0107 si\u0119 do nowego prawa i nie ma od niego \u017cadnych odst\u0119pstw.<\/strong><\/p>\n<p>&#8211; <em>Samorz\u0105dy maj\u0105 obowi\u0105zek zapewni\u0107 realizacj\u0119 tego prawa. \u017badne t\u0142umaczenia o braku miejsc w przedszkolach nie s\u0105 prawdziwe i nie mog\u0105 by\u0107 respektowane<\/em> \u2013 przekonuje pos\u0142anka Prawa i Sprawiedliwo\u015bci<strong> Joanna Lichocka.<\/strong><\/p>\n<p>Warto przypomnie\u0107, \u017ce do tej pory wiele samorz\u0105d\u00f3w, w tym ten ostrowski, namawiali rodzic\u00f3w, by pos\u0142ali dzieci sze\u015bcioletnie do szko\u0142y. W ich ocenie korzy\u015bci p\u0142yn\u0105cych z takiego rozwi\u0105zania by\u0142oby bardzo wiele. Skutkiem mia\u0142a by\u0107 jednak przede wszystkim wystarczaj\u0105ca liczba miejsc w przedszkolach dla trzylatk\u00f3w.<\/p>\n<p>PiS podkre\u015bla, \u017ce rodzice powinni podejmowa\u0107 decyzje sami i nie ulega\u0107 \u017cadnym naciskom. Ministerstwo Edukacji Narodowej zamierza podejmowa\u0107 natychmiastowe interwencje, je\u015bli prawo nie b\u0119dzie respektowane. &#8211;<em> Je\u015bli kt\u00f3rykolwiek z rodzic\u00f3w natknie si\u0119 na jaki\u015b problem, to bardzo prosimy, \u017ceby szuka\u0107 wsparcia rz\u0105du. Na stronie Ministerstwa Edukacji Narodowej jest poradnik dla rodzic\u00f3w. Mo\u017cna go pobra\u0107 i znale\u017a\u0107 w nim numery telefon\u00f3w s\u0142u\u017c\u0105ce do rozwi\u0105zywania konkretnych problem\u00f3w. Interwencje b\u0119d\u0105 natychmiastowe. Do dyspozycji jeste\u015bmy r\u00f3wnie\u017c w ka\u017cdym biurze poselskim Prawa i Sprawiedliwo\u015bci<\/em> &#8211; zapowiada <strong>Joanna Lichocka.<\/strong><\/p>\n","protected":false},"excerpt":{"rendered":"Od wrze\u015bnia dzieci 6-letnie nie b\u0119d\u0105 musia\u0142y p\u00f3j\u015b\u0107 do szko\u0142y. Rodzice b\u0119d\u0105 mie\u0107 wyb\u00f3r i wys\u0142a\u0107 je do przedszkoli lub podstaw\u00f3wek. PiS zapowiada, \n<a class=\"moretag\" href=\"https:\/\/ostrowskatv.pl\/?p=507\"> [...]<\/a>","protected":false},"author":1,"featured_media":508,"comment_status":"open","ping_status":"open","sticky":false,"template":"","format":"standard","meta":{"footnotes":""},"categories":[1],"tags":[28],"class_list":["post-507","post","type-post","status-publish","format-standard","has-post-thumbnail","hentry","category-news","tag-przedszkole"],"_links":{"self":[{"href":"https:\/\/ostrowskatv.pl\/index.php?rest_route=\/wp\/v2\/posts\/507","targetHints":{"allow":["GET"]}}],"collection":[{"href":"https:\/\/ostrowskatv.pl\/index.php?rest_route=\/wp\/v2\/posts"}],"about":[{"href":"https:\/\/ostrowskatv.pl\/index.php?rest_route=\/wp\/v2\/types\/post"}],"author":[{"embeddable":true,"href":"https:\/\/ostrowskatv.pl\/index.php?rest_route=\/wp\/v2\/users\/1"}],"replies":[{"embeddable":true,"href":"https:\/\/ostrowskatv.pl\/index.php?rest_route=%2Fwp%2Fv2%2Fcomments&post=507"}],"version-history":[{"count":0,"href":"https:\/\/ostrowskatv.pl\/index.php?rest_route=\/wp\/v2\/posts\/507\/revisions"}],"wp:featuredmedia":[{"embeddable":true,"href":"https:\/\/ostrowskatv.pl\/index.php?rest_route=\/wp\/v2\/media\/508"}],"wp:attachment":[{"href":"https:\/\/ostrowskatv.pl\/index.php?rest_route=%2Fwp%2Fv2%2Fmedia&parent=507"}],"wp:term":[{"taxonomy":"category","embeddable":true,"href":"https:\/\/ostrowskatv.pl\/index.php?rest_route=%2Fwp%2Fv2%2Fcategories&post=507"},{"taxonomy":"post_tag","embeddable":true,"href":"https:\/\/ostrowskatv.pl\/index.php?rest_route=%2Fwp%2Fv2%2Ftags&post=507"}],"curies":[{"name":"wp","href":"https:\/\/api.w.org\/{rel}","templated":true}]}}