{"id":5017,"date":"2017-10-17T19:47:56","date_gmt":"2017-10-17T18:47:56","guid":{"rendered":"http:\/\/ostrowska.tv\/?p=5017"},"modified":"2017-10-17T19:47:56","modified_gmt":"2017-10-17T18:47:56","slug":"szokujace-informacje-po-wypadku-na-boisku","status":"publish","type":"post","link":"https:\/\/ostrowskatv.pl\/?p=5017","title":{"rendered":"Szokuj\u0105ce informacje po wypadku na boisku"},"content":{"rendered":"<p><strong>22-latek poszkodowany w\u00a0 nieszcz\u0119\u015bliwym wypadku na boisku przy Zespole Szk\u00f3\u0142 Technicznych w Ostrowie Wlkp. dozna\u0142 z\u0142amania ko\u015bci \u017cuchwy oraz ko\u015bci oczodo\u0142u. Ty\u0142 g\u0142owy zosta\u0142 oskalpowany przez spadaj\u0105c\u0105 konstrukcj\u0119. Wszyscy zastanawiaj\u0105 si\u0119 jak dosz\u0142o do tego szokuj\u0105cego zdarzenia. Zdaniem kolegi 22-latka, poszkodowany mia\u0142 tylko odbi\u0107 pi\u0142k\u0119 o tablic\u0119, a po odwr\u00f3ceniu si\u0119, konstrukcja na niego run\u0119\u0142a.<\/strong><\/p>\n<p>Przygl\u0105daj\u0105c si\u0119 systemowi mocowania ramienia do s\u0142upa, wida\u0107, \u017ce u\u017cyto dw\u00f3ch obejm w formie wygi\u0119tego drutu w kszta\u0142cie litery U. Do czterech p\u0119kni\u0119\u0107 dosz\u0142o na obydw\u00f3ch obejmach w\u0142a\u015bnie w miejscu jego wygi\u0119cia.<\/p>\n<div id='gallery-1' class='gallery galleryid-5017 gallery-columns-3 gallery-size-thumbnail'><figure class='gallery-item'>\n\t\t\t<div class='gallery-icon portrait'>\n\t\t\t\t<a href='https:\/\/ostrowskatv.pl\/?attachment_id=5021'><img loading=\"lazy\" decoding=\"async\" width=\"150\" height=\"150\" src=\"https:\/\/ostrowskatv.pl\/wp-content\/uploads\/2017\/10\/kosze-wtorek2-150x150.jpg\" class=\"attachment-thumbnail size-thumbnail\" alt=\"\" \/><\/a>\n\t\t\t<\/div><\/figure><figure class='gallery-item'>\n\t\t\t<div class='gallery-icon portrait'>\n\t\t\t\t<a href='https:\/\/ostrowskatv.pl\/?attachment_id=5022'><img loading=\"lazy\" decoding=\"async\" width=\"150\" height=\"150\" src=\"https:\/\/ostrowskatv.pl\/wp-content\/uploads\/2017\/10\/kosze-wtorek-150x150.jpg\" class=\"attachment-thumbnail size-thumbnail\" alt=\"\" \/><\/a>\n\t\t\t<\/div><\/figure><figure class='gallery-item'>\n\t\t\t<div class='gallery-icon landscape'>\n\t\t\t\t<a href='https:\/\/ostrowskatv.pl\/?attachment_id=5008'><img loading=\"lazy\" decoding=\"async\" width=\"150\" height=\"150\" src=\"https:\/\/ostrowskatv.pl\/wp-content\/uploads\/2017\/10\/kosz-zst-4-150x150.jpg\" class=\"attachment-thumbnail size-thumbnail\" alt=\"\" \/><\/a>\n\t\t\t<\/div><\/figure>\n\t\t<\/div>\n\n<p>Wed\u0142ug projektu i przepis\u00f3w, drut powinien by\u0107 specjalnie wzmocniony. Jedna z hipotez m\u00f3wi, \u017ce obejmy by\u0142y zbyt mocno dokr\u0119cone, przez co w miejscu zagi\u0119cia drutu nast\u0119powa\u0142y zwi\u0119kszone si\u0142y, os\u0142abiaj\u0105ce materia\u0142. Mo\u017cna to por\u00f3wna\u0107 do techniki przykr\u0119cania ko\u0142a w samochodzie. Wed\u0142ug wytycznych z serwisu powinno posiada\u0107 si\u0119 specjalny przyrz\u0105d i dopiero z okre\u015blon\u0105 si\u0142\u0105 dokr\u0119ci\u0107 \u015bruby. W praktyce wi\u0119kszo\u015b\u0107 dokr\u0119ca wed\u0142ug w\u0142asnego uznania.<\/p>\n<p>Poszkodowany to m\u0119\u017cczyzna mierz\u0105cy ok. 170 cm wzrostu i wa\u017c\u0105cy ok. 68 kilogram\u00f3w. Trudno uwierzy\u0107 by kto\u015b o takim niedu\u017cym wzro\u015bcie doskoczy\u0142 do obr\u0119czy, a dodatkowo przez jego ci\u0119\u017car doprowadzi\u0142 do z\u0142amania konstrukcji. Nie wiadomo co wcze\u015bniej dzia\u0142o si\u0119 z koszem&#8230; czy kto\u015b nie naruszy\u0142 jego konstrukcji? Dyrekcja szko\u0142y zapowiada monta\u017c kamery monitoruj\u0105cej teren boiska. Tym bardziej, \u017ce po godzinach zaj\u0119\u0107 szkolnych, z kompleksu sportowego korzystaj\u0105 okoliczni mieszka\u0144cy. Feralnego dnia na boisku do koszyk\u00f3wki gra\u0142a 4-osobowa grupa znajomych.<\/p>\n<p>Firma Anton z Dzier\u017coniowa w 2015 r. zamontowa\u0142a r\u00f3wnie\u017c kosze do koszyk\u00f3wki przy Zespole Szk\u00f3\u0142 Ekonomicznych. Tu na uwag\u0119 zas\u0142uguje fakt, \u017ce kosze s\u0105 zamontowane na podw\u00f3jnych s\u0142upach, a sam system mocowania wysi\u0119gnika znacz\u0105co r\u00f3\u017cni si\u0119 od tego zastosowanego przy ZST. Zamiast obejm w formie wygi\u0119tego drutu, s\u0105 cztery proste druty i p\u0142askowniki. Obecnie boisko do czasu profesjonalnego przegl\u0105du zosta\u0142o wy\u0142\u0105czone z eksploatacji.<\/p>\n<div id='gallery-2' class='gallery galleryid-5017 gallery-columns-3 gallery-size-thumbnail'><figure class='gallery-item'>\n\t\t\t<div class='gallery-icon landscape'>\n\t\t\t\t<a href='https:\/\/ostrowskatv.pl\/?attachment_id=5020'><img loading=\"lazy\" decoding=\"async\" width=\"150\" height=\"150\" src=\"https:\/\/ostrowskatv.pl\/wp-content\/uploads\/2017\/10\/kosze-wtorek3-150x150.jpg\" class=\"attachment-thumbnail size-thumbnail\" alt=\"\" \/><\/a>\n\t\t\t<\/div><\/figure><figure class='gallery-item'>\n\t\t\t<div class='gallery-icon portrait'>\n\t\t\t\t<a href='https:\/\/ostrowskatv.pl\/?attachment_id=5019'><img loading=\"lazy\" decoding=\"async\" width=\"150\" height=\"150\" src=\"https:\/\/ostrowskatv.pl\/wp-content\/uploads\/2017\/10\/kosze-wtorek4-150x150.jpg\" class=\"attachment-thumbnail size-thumbnail\" alt=\"\" \/><\/a>\n\t\t\t<\/div><\/figure><figure class='gallery-item'>\n\t\t\t<div class='gallery-icon landscape'>\n\t\t\t\t<a href='https:\/\/ostrowskatv.pl\/?attachment_id=5018'><img loading=\"lazy\" decoding=\"async\" width=\"150\" height=\"150\" src=\"https:\/\/ostrowskatv.pl\/wp-content\/uploads\/2017\/10\/kosze-wtorek5-150x150.jpg\" class=\"attachment-thumbnail size-thumbnail\" alt=\"\" \/><\/a>\n\t\t\t<\/div><\/figure>\n\t\t<\/div>\n\n<p>Poszkodowanego czeka transport do plac\u00f3wki specjalizuj\u0105cej si\u0119 w przeprowadzaniu rekonstrukcji ko\u015bci twarzy.<\/p>\n<p>&nbsp;<\/p>\n","protected":false},"excerpt":{"rendered":"22-latek poszkodowany w\u00a0 nieszcz\u0119\u015bliwym wypadku na boisku przy Zespole Szk\u00f3\u0142 Technicznych w Ostrowie Wlkp. dozna\u0142 z\u0142amania ko\u015bci \u017cuchwy oraz ko\u015bci oczodo\u0142u. Ty\u0142 g\u0142owy \n<a class=\"moretag\" href=\"https:\/\/ostrowskatv.pl\/?p=5017\"> [...]<\/a>","protected":false},"author":1,"featured_media":5009,"comment_status":"open","ping_status":"open","sticky":false,"template":"","format":"standard","meta":{"footnotes":""},"categories":[1],"tags":[2],"class_list":["post-5017","post","type-post","status-publish","format-standard","has-post-thumbnail","hentry","category-news","tag-ostrow-wielkopolski"],"_links":{"self":[{"href":"https:\/\/ostrowskatv.pl\/index.php?rest_route=\/wp\/v2\/posts\/5017","targetHints":{"allow":["GET"]}}],"collection":[{"href":"https:\/\/ostrowskatv.pl\/index.php?rest_route=\/wp\/v2\/posts"}],"about":[{"href":"https:\/\/ostrowskatv.pl\/index.php?rest_route=\/wp\/v2\/types\/post"}],"author":[{"embeddable":true,"href":"https:\/\/ostrowskatv.pl\/index.php?rest_route=\/wp\/v2\/users\/1"}],"replies":[{"embeddable":true,"href":"https:\/\/ostrowskatv.pl\/index.php?rest_route=%2Fwp%2Fv2%2Fcomments&post=5017"}],"version-history":[{"count":0,"href":"https:\/\/ostrowskatv.pl\/index.php?rest_route=\/wp\/v2\/posts\/5017\/revisions"}],"wp:featuredmedia":[{"embeddable":true,"href":"https:\/\/ostrowskatv.pl\/index.php?rest_route=\/wp\/v2\/media\/5009"}],"wp:attachment":[{"href":"https:\/\/ostrowskatv.pl\/index.php?rest_route=%2Fwp%2Fv2%2Fmedia&parent=5017"}],"wp:term":[{"taxonomy":"category","embeddable":true,"href":"https:\/\/ostrowskatv.pl\/index.php?rest_route=%2Fwp%2Fv2%2Fcategories&post=5017"},{"taxonomy":"post_tag","embeddable":true,"href":"https:\/\/ostrowskatv.pl\/index.php?rest_route=%2Fwp%2Fv2%2Ftags&post=5017"}],"curies":[{"name":"wp","href":"https:\/\/api.w.org\/{rel}","templated":true}]}}