{"id":4947,"date":"2017-10-13T12:16:48","date_gmt":"2017-10-13T11:16:48","guid":{"rendered":"http:\/\/ostrowska.tv\/?p=4947"},"modified":"2017-10-13T12:17:51","modified_gmt":"2017-10-13T11:17:51","slug":"potracil-rowerzystke-jadaca-kontrapasem","status":"publish","type":"post","link":"https:\/\/ostrowskatv.pl\/?p=4947","title":{"rendered":"Potr\u0105ci\u0142 rowerzystk\u0119 jad\u0105c\u0105 kontrapasem"},"content":{"rendered":"<p><strong>Kieruj\u0105cy samochodem Opel Zafira 59-letni m\u0119\u017cczyzna jecha\u0142 ulic\u0105 D\u0105browskiego w stron\u0119 ulicy Wolno\u015bci, gdzie skr\u0119ca\u0142 w lewo. M\u0119\u017cczyzna nie zachowa\u0142 szczeg\u00f3lnej ostro\u017cno\u015bci i doprowadzi\u0142 do zderzenia si\u0119 z rowerzystk\u0105. 45-letnia kobieta zosta\u0142a do\u015b\u0107 mocno poturbowana.<\/strong><\/p>\n<p>Kobieta jecha\u0142em pasem kontrapasem &#8211; wymalowanym na czerwono pasem umo\u017cliwiaj\u0105cym jazd\u0119 pod pr\u0105d ulic\u0105 Wolno\u015bci. Oboje uczestnicy zdarzenia byli trze\u017awi. Rowerzystka trafi\u0142a do szpitala z urazem g\u0142owy i twarzoczaszki. Obecnie jej stan jest dobry. Na miejsce konieczne by\u0142o wezwanie stra\u017cy po\u017carnej do usuni\u0119cia plamy krwi.<\/p>\n<p>To skrzy\u017cowanie z uwagi na ograniczon\u0105 widoczno\u015b\u0107 jest bardzo niebezpieczne i kwesti\u0105 czasu by\u0142o kiedy dojdzie do pierwszego powa\u017cnego potr\u0105cenia rowerzysty. Kierowcy jedno\u015blad\u00f3w r\u00f3wnie\u017c powinni zwolni\u0107 przy doje\u017cd\u017caniu do tej krzy\u017c\u00f3wki.<\/p>\n<div id='gallery-1' class='gallery galleryid-4947 gallery-columns-3 gallery-size-thumbnail'><figure class='gallery-item'>\n\t\t\t<div class='gallery-icon landscape'>\n\t\t\t\t<a href='https:\/\/ostrowskatv.pl\/?attachment_id=4948'><img loading=\"lazy\" decoding=\"async\" width=\"150\" height=\"150\" src=\"https:\/\/ostrowskatv.pl\/wp-content\/uploads\/2017\/10\/kontrapas-wolnosci-dabrowskiego-150x150.jpg\" class=\"attachment-thumbnail size-thumbnail\" alt=\"\" \/><\/a>\n\t\t\t<\/div><\/figure><figure class='gallery-item'>\n\t\t\t<div class='gallery-icon landscape'>\n\t\t\t\t<a href='https:\/\/ostrowskatv.pl\/?attachment_id=4949'><img loading=\"lazy\" decoding=\"async\" width=\"150\" height=\"150\" src=\"https:\/\/ostrowskatv.pl\/wp-content\/uploads\/2017\/10\/dabrowskiego-potracenei-150x150.jpg\" class=\"attachment-thumbnail size-thumbnail\" alt=\"\" \/><\/a>\n\t\t\t<\/div><\/figure>\n\t\t<\/div>\n\n","protected":false},"excerpt":{"rendered":"Kieruj\u0105cy samochodem Opel Zafira 59-letni m\u0119\u017cczyzna jecha\u0142 ulic\u0105 D\u0105browskiego w stron\u0119 ulicy Wolno\u015bci, gdzie skr\u0119ca\u0142 w lewo. M\u0119\u017cczyzna nie zachowa\u0142 szczeg\u00f3lnej ostro\u017cno\u015bci i \n<a class=\"moretag\" href=\"https:\/\/ostrowskatv.pl\/?p=4947\"> [...]<\/a>","protected":false},"author":1,"featured_media":4948,"comment_status":"open","ping_status":"open","sticky":false,"template":"","format":"standard","meta":{"footnotes":""},"categories":[1],"tags":[2],"class_list":["post-4947","post","type-post","status-publish","format-standard","has-post-thumbnail","hentry","category-news","tag-ostrow-wielkopolski"],"_links":{"self":[{"href":"https:\/\/ostrowskatv.pl\/index.php?rest_route=\/wp\/v2\/posts\/4947","targetHints":{"allow":["GET"]}}],"collection":[{"href":"https:\/\/ostrowskatv.pl\/index.php?rest_route=\/wp\/v2\/posts"}],"about":[{"href":"https:\/\/ostrowskatv.pl\/index.php?rest_route=\/wp\/v2\/types\/post"}],"author":[{"embeddable":true,"href":"https:\/\/ostrowskatv.pl\/index.php?rest_route=\/wp\/v2\/users\/1"}],"replies":[{"embeddable":true,"href":"https:\/\/ostrowskatv.pl\/index.php?rest_route=%2Fwp%2Fv2%2Fcomments&post=4947"}],"version-history":[{"count":0,"href":"https:\/\/ostrowskatv.pl\/index.php?rest_route=\/wp\/v2\/posts\/4947\/revisions"}],"wp:featuredmedia":[{"embeddable":true,"href":"https:\/\/ostrowskatv.pl\/index.php?rest_route=\/wp\/v2\/media\/4948"}],"wp:attachment":[{"href":"https:\/\/ostrowskatv.pl\/index.php?rest_route=%2Fwp%2Fv2%2Fmedia&parent=4947"}],"wp:term":[{"taxonomy":"category","embeddable":true,"href":"https:\/\/ostrowskatv.pl\/index.php?rest_route=%2Fwp%2Fv2%2Fcategories&post=4947"},{"taxonomy":"post_tag","embeddable":true,"href":"https:\/\/ostrowskatv.pl\/index.php?rest_route=%2Fwp%2Fv2%2Ftags&post=4947"}],"curies":[{"name":"wp","href":"https:\/\/api.w.org\/{rel}","templated":true}]}}