{"id":4936,"date":"2017-10-11T16:33:47","date_gmt":"2017-10-11T15:33:47","guid":{"rendered":"http:\/\/ostrowska.tv\/?p=4936"},"modified":"2017-10-11T16:33:47","modified_gmt":"2017-10-11T15:33:47","slug":"wypadek-ciezarowego-volvo-i-citroena-przy-galerii-ostrovia","status":"publish","type":"post","link":"https:\/\/ostrowskatv.pl\/?p=4936","title":{"rendered":"Wypadek ci\u0119\u017carowego Volvo i Citroena przy Galerii Ostrovia"},"content":{"rendered":"<p><strong>Przed godzin\u0105 15:30 na drodze krajowej nr 25 \u0142\u0105cz\u0105cej Ostr\u00f3w Wielkopolski z Kaliszem zderzy\u0142y si\u0119 samoch\u00f3d ci\u0119\u017carowy Volvo oraz osobowy Citroen C3. W zdarzeniu ucierpia\u0142y trzy osoby podr\u00f3\u017cuj\u0105ce samochodem osobowym.<\/strong><\/p>\n<p>Ze wst\u0119pnych ustale\u0144 wynika, \u017ce kierowca ci\u0119\u017carowego Volvo zmienia\u0142 pas na lewy, jad\u0105c w stron\u0119 Kalisza. Na wysoko\u015bci Galerii Ostrovia zahaczy\u0142 o Citroena przez co ten wpad\u0142 w po\u015blizg. Na ko\u0144cu uderzy\u0142 w barier\u0119 ochronn\u0105. W Volvo uszkodzi\u0142 si\u0119 naro\u017cnik zderzaka oraz rozbi\u0142 si\u0119 reflektor od \u015bwiate\u0142 przeciwmgielnych. Osob\u00f3wka by\u0142a uszkodzona w wielu miejscach.<\/p>\n<p>Na miejscu ruch odbywa\u0142 si\u0119 jednym pasem.<\/p>\n<div id='gallery-1' class='gallery galleryid-4936 gallery-columns-3 gallery-size-thumbnail'><figure class='gallery-item'>\n\t\t\t<div class='gallery-icon portrait'>\n\t\t\t\t<a href='https:\/\/ostrowskatv.pl\/?attachment_id=4945'><img loading=\"lazy\" decoding=\"async\" width=\"150\" height=\"150\" src=\"https:\/\/ostrowskatv.pl\/wp-content\/uploads\/2017\/10\/20171011_153249-150x150.jpg\" class=\"attachment-thumbnail size-thumbnail\" alt=\"\" \/><\/a>\n\t\t\t<\/div><\/figure><figure class='gallery-item'>\n\t\t\t<div class='gallery-icon landscape'>\n\t\t\t\t<a href='https:\/\/ostrowskatv.pl\/?attachment_id=4944'><img loading=\"lazy\" decoding=\"async\" width=\"150\" height=\"150\" src=\"https:\/\/ostrowskatv.pl\/wp-content\/uploads\/2017\/10\/20171011_153008-150x150.jpg\" class=\"attachment-thumbnail size-thumbnail\" alt=\"\" \/><\/a>\n\t\t\t<\/div><\/figure><figure class='gallery-item'>\n\t\t\t<div class='gallery-icon landscape'>\n\t\t\t\t<a href='https:\/\/ostrowskatv.pl\/?attachment_id=4943'><img loading=\"lazy\" decoding=\"async\" width=\"150\" height=\"150\" src=\"https:\/\/ostrowskatv.pl\/wp-content\/uploads\/2017\/10\/20171011_153001-150x150.jpg\" class=\"attachment-thumbnail size-thumbnail\" alt=\"\" \/><\/a>\n\t\t\t<\/div><\/figure><figure class='gallery-item'>\n\t\t\t<div class='gallery-icon landscape'>\n\t\t\t\t<a href='https:\/\/ostrowskatv.pl\/?attachment_id=4942'><img loading=\"lazy\" decoding=\"async\" width=\"150\" height=\"150\" src=\"https:\/\/ostrowskatv.pl\/wp-content\/uploads\/2017\/10\/20171011_152954-150x150.jpg\" class=\"attachment-thumbnail size-thumbnail\" alt=\"\" \/><\/a>\n\t\t\t<\/div><\/figure><figure class='gallery-item'>\n\t\t\t<div class='gallery-icon landscape'>\n\t\t\t\t<a href='https:\/\/ostrowskatv.pl\/?attachment_id=4937'><img loading=\"lazy\" decoding=\"async\" width=\"150\" height=\"150\" src=\"https:\/\/ostrowskatv.pl\/wp-content\/uploads\/2017\/10\/20171011_152854-150x150.jpg\" class=\"attachment-thumbnail size-thumbnail\" alt=\"\" \/><\/a>\n\t\t\t<\/div><\/figure>\n\t\t<\/div>\n\n","protected":false},"excerpt":{"rendered":"Przed godzin\u0105 15:30 na drodze krajowej nr 25 \u0142\u0105cz\u0105cej Ostr\u00f3w Wielkopolski z Kaliszem zderzy\u0142y si\u0119 samoch\u00f3d ci\u0119\u017carowy Volvo oraz osobowy Citroen C3. W \n<a class=\"moretag\" href=\"https:\/\/ostrowskatv.pl\/?p=4936\"> [...]<\/a>","protected":false},"author":1,"featured_media":4937,"comment_status":"open","ping_status":"open","sticky":false,"template":"","format":"standard","meta":{"footnotes":""},"categories":[1],"tags":[2],"class_list":["post-4936","post","type-post","status-publish","format-standard","has-post-thumbnail","hentry","category-news","tag-ostrow-wielkopolski"],"_links":{"self":[{"href":"https:\/\/ostrowskatv.pl\/index.php?rest_route=\/wp\/v2\/posts\/4936","targetHints":{"allow":["GET"]}}],"collection":[{"href":"https:\/\/ostrowskatv.pl\/index.php?rest_route=\/wp\/v2\/posts"}],"about":[{"href":"https:\/\/ostrowskatv.pl\/index.php?rest_route=\/wp\/v2\/types\/post"}],"author":[{"embeddable":true,"href":"https:\/\/ostrowskatv.pl\/index.php?rest_route=\/wp\/v2\/users\/1"}],"replies":[{"embeddable":true,"href":"https:\/\/ostrowskatv.pl\/index.php?rest_route=%2Fwp%2Fv2%2Fcomments&post=4936"}],"version-history":[{"count":0,"href":"https:\/\/ostrowskatv.pl\/index.php?rest_route=\/wp\/v2\/posts\/4936\/revisions"}],"wp:featuredmedia":[{"embeddable":true,"href":"https:\/\/ostrowskatv.pl\/index.php?rest_route=\/wp\/v2\/media\/4937"}],"wp:attachment":[{"href":"https:\/\/ostrowskatv.pl\/index.php?rest_route=%2Fwp%2Fv2%2Fmedia&parent=4936"}],"wp:term":[{"taxonomy":"category","embeddable":true,"href":"https:\/\/ostrowskatv.pl\/index.php?rest_route=%2Fwp%2Fv2%2Fcategories&post=4936"},{"taxonomy":"post_tag","embeddable":true,"href":"https:\/\/ostrowskatv.pl\/index.php?rest_route=%2Fwp%2Fv2%2Ftags&post=4936"}],"curies":[{"name":"wp","href":"https:\/\/api.w.org\/{rel}","templated":true}]}}