{"id":4910,"date":"2017-10-06T14:05:03","date_gmt":"2017-10-06T13:05:03","guid":{"rendered":"http:\/\/ostrowska.tv\/?p=4910"},"modified":"2017-10-06T14:05:03","modified_gmt":"2017-10-06T13:05:03","slug":"komin-wpadl-do-kuchni-metr-od-mieszkanca","status":"publish","type":"post","link":"https:\/\/ostrowskatv.pl\/?p=4910","title":{"rendered":"Komin wpad\u0142 do kuchni, metr od mieszka\u0144ca"},"content":{"rendered":"<p><strong>O olbrzymim szcz\u0119\u015bciu mo\u017ce m\u00f3wi\u0107 Pan Jacek Fr\u0105szczak z Grudzielca (powiat ostrowski), kt\u00f3ry w czwartkowy wiecz\u00f3r odczu\u0142 dotkliwie skutki Orkanu Ksawery. Do kuchni wpad\u0142 wielki fragment komina, omijaj\u0105c szcz\u0119\u015bciarza o metr.<\/strong><\/p>\n<p>Oko\u0142o godziny 20:00 us\u0142ysza\u0142, \u017ce co\u015b zaczyna stuka\u0107 na dachu.\u00a0 &#8211; Pobieg\u0142em do gara\u017cu szukaj\u0105c pasa, bo widzia\u0142em, \u017ce dach zaczyna podnosi\u0107. W drodze powrotnej nie zd\u0105\u017cy\u0142em dobiec do \u017cony, siedz\u0105cej z dzie\u0107mi i b\u0119d\u0105c na wysoko\u015bci kuchni, akurat komin wpad\u0142 przez sufit. By\u0142o to dos\u0142ownie metr ode mnie. &#8211; relacjonowa\u0142 pan Jacek.<\/p>\n<p>Dach by\u0142 wymieniany dziesi\u0119\u0107 lat temu. Niestety nie opar\u0142 si\u0119 silnemu wiatrowi. Gmina Raszk\u00f3w zaoferowa\u0142a pomoc. Jeszcze w pi\u0105tek stra\u017cacy ochotnicy solidnie zabezpieczali wyrw\u0119 w dachu przed zalaniem.<\/p>\n<div id='gallery-1' class='gallery galleryid-4910 gallery-columns-3 gallery-size-thumbnail'><figure class='gallery-item'>\n\t\t\t<div class='gallery-icon landscape'>\n\t\t\t\t<a href='https:\/\/ostrowskatv.pl\/?attachment_id=4913'><img loading=\"lazy\" decoding=\"async\" width=\"150\" height=\"150\" src=\"https:\/\/ostrowskatv.pl\/wp-content\/uploads\/2017\/10\/grudzielec9-150x150.jpg\" class=\"attachment-thumbnail size-thumbnail\" alt=\"\" \/><\/a>\n\t\t\t<\/div><\/figure><figure class='gallery-item'>\n\t\t\t<div class='gallery-icon landscape'>\n\t\t\t\t<a href='https:\/\/ostrowskatv.pl\/?attachment_id=4914'><img loading=\"lazy\" decoding=\"async\" width=\"150\" height=\"150\" src=\"https:\/\/ostrowskatv.pl\/wp-content\/uploads\/2017\/10\/grudzielec8-150x150.jpg\" class=\"attachment-thumbnail size-thumbnail\" alt=\"\" \/><\/a>\n\t\t\t<\/div><\/figure><figure class='gallery-item'>\n\t\t\t<div class='gallery-icon landscape'>\n\t\t\t\t<a href='https:\/\/ostrowskatv.pl\/?attachment_id=4915'><img loading=\"lazy\" decoding=\"async\" width=\"150\" height=\"150\" src=\"https:\/\/ostrowskatv.pl\/wp-content\/uploads\/2017\/10\/grudzielec7-150x150.jpg\" class=\"attachment-thumbnail size-thumbnail\" alt=\"\" \/><\/a>\n\t\t\t<\/div><\/figure><figure class='gallery-item'>\n\t\t\t<div class='gallery-icon landscape'>\n\t\t\t\t<a href='https:\/\/ostrowskatv.pl\/?attachment_id=4916'><img loading=\"lazy\" decoding=\"async\" width=\"150\" height=\"150\" src=\"https:\/\/ostrowskatv.pl\/wp-content\/uploads\/2017\/10\/grudzielec6-150x150.jpg\" class=\"attachment-thumbnail size-thumbnail\" alt=\"\" \/><\/a>\n\t\t\t<\/div><\/figure><figure class='gallery-item'>\n\t\t\t<div class='gallery-icon landscape'>\n\t\t\t\t<a href='https:\/\/ostrowskatv.pl\/?attachment_id=4917'><img loading=\"lazy\" decoding=\"async\" width=\"150\" height=\"150\" src=\"https:\/\/ostrowskatv.pl\/wp-content\/uploads\/2017\/10\/grudzielec5-150x150.jpg\" class=\"attachment-thumbnail size-thumbnail\" alt=\"\" \/><\/a>\n\t\t\t<\/div><\/figure><figure class='gallery-item'>\n\t\t\t<div class='gallery-icon landscape'>\n\t\t\t\t<a href='https:\/\/ostrowskatv.pl\/?attachment_id=4918'><img loading=\"lazy\" decoding=\"async\" width=\"150\" height=\"150\" src=\"https:\/\/ostrowskatv.pl\/wp-content\/uploads\/2017\/10\/grudzielec4-150x150.jpg\" class=\"attachment-thumbnail size-thumbnail\" alt=\"\" \/><\/a>\n\t\t\t<\/div><\/figure><figure class='gallery-item'>\n\t\t\t<div class='gallery-icon landscape'>\n\t\t\t\t<a href='https:\/\/ostrowskatv.pl\/?attachment_id=4919'><img loading=\"lazy\" decoding=\"async\" width=\"150\" height=\"150\" src=\"https:\/\/ostrowskatv.pl\/wp-content\/uploads\/2017\/10\/grudzielec3-150x150.jpg\" class=\"attachment-thumbnail size-thumbnail\" alt=\"\" \/><\/a>\n\t\t\t<\/div><\/figure><figure class='gallery-item'>\n\t\t\t<div class='gallery-icon landscape'>\n\t\t\t\t<a href='https:\/\/ostrowskatv.pl\/?attachment_id=4920'><img loading=\"lazy\" decoding=\"async\" width=\"150\" height=\"150\" src=\"https:\/\/ostrowskatv.pl\/wp-content\/uploads\/2017\/10\/grudzielec2-150x150.jpg\" class=\"attachment-thumbnail size-thumbnail\" alt=\"\" \/><\/a>\n\t\t\t<\/div><\/figure><figure class='gallery-item'>\n\t\t\t<div class='gallery-icon landscape'>\n\t\t\t\t<a href='https:\/\/ostrowskatv.pl\/?attachment_id=4921'><img loading=\"lazy\" decoding=\"async\" width=\"150\" height=\"150\" src=\"https:\/\/ostrowskatv.pl\/wp-content\/uploads\/2017\/10\/grudzielec1-150x150.jpg\" class=\"attachment-thumbnail size-thumbnail\" alt=\"\" \/><\/a>\n\t\t\t<\/div><\/figure>\n\t\t<\/div>\n\n","protected":false},"excerpt":{"rendered":"O olbrzymim szcz\u0119\u015bciu mo\u017ce m\u00f3wi\u0107 Pan Jacek Fr\u0105szczak z Grudzielca (powiat ostrowski), kt\u00f3ry w czwartkowy wiecz\u00f3r odczu\u0142 dotkliwie skutki Orkanu Ksawery. Do kuchni \n<a class=\"moretag\" href=\"https:\/\/ostrowskatv.pl\/?p=4910\"> [...]<\/a>","protected":false},"author":1,"featured_media":4917,"comment_status":"open","ping_status":"open","sticky":false,"template":"","format":"standard","meta":{"footnotes":""},"categories":[1],"tags":[145],"class_list":["post-4910","post","type-post","status-publish","format-standard","has-post-thumbnail","hentry","category-news","tag-grudzielec"],"_links":{"self":[{"href":"https:\/\/ostrowskatv.pl\/index.php?rest_route=\/wp\/v2\/posts\/4910","targetHints":{"allow":["GET"]}}],"collection":[{"href":"https:\/\/ostrowskatv.pl\/index.php?rest_route=\/wp\/v2\/posts"}],"about":[{"href":"https:\/\/ostrowskatv.pl\/index.php?rest_route=\/wp\/v2\/types\/post"}],"author":[{"embeddable":true,"href":"https:\/\/ostrowskatv.pl\/index.php?rest_route=\/wp\/v2\/users\/1"}],"replies":[{"embeddable":true,"href":"https:\/\/ostrowskatv.pl\/index.php?rest_route=%2Fwp%2Fv2%2Fcomments&post=4910"}],"version-history":[{"count":0,"href":"https:\/\/ostrowskatv.pl\/index.php?rest_route=\/wp\/v2\/posts\/4910\/revisions"}],"wp:featuredmedia":[{"embeddable":true,"href":"https:\/\/ostrowskatv.pl\/index.php?rest_route=\/wp\/v2\/media\/4917"}],"wp:attachment":[{"href":"https:\/\/ostrowskatv.pl\/index.php?rest_route=%2Fwp%2Fv2%2Fmedia&parent=4910"}],"wp:term":[{"taxonomy":"category","embeddable":true,"href":"https:\/\/ostrowskatv.pl\/index.php?rest_route=%2Fwp%2Fv2%2Fcategories&post=4910"},{"taxonomy":"post_tag","embeddable":true,"href":"https:\/\/ostrowskatv.pl\/index.php?rest_route=%2Fwp%2Fv2%2Ftags&post=4910"}],"curies":[{"name":"wp","href":"https:\/\/api.w.org\/{rel}","templated":true}]}}