{"id":4902,"date":"2017-10-04T13:19:43","date_gmt":"2017-10-04T12:19:43","guid":{"rendered":"http:\/\/ostrowska.tv\/?p=4902"},"modified":"2017-10-04T13:19:43","modified_gmt":"2017-10-04T12:19:43","slug":"potracenie-kolo-stadionu-miejskiego","status":"publish","type":"post","link":"https:\/\/ostrowskatv.pl\/?p=4902","title":{"rendered":"Potr\u0105cenie ko\u0142o Stadionu Miejskiego"},"content":{"rendered":"<p><strong>Wczoraj ko\u0142o Stadionu Miejskiego dosz\u0142o do potr\u0105cenia m\u0119\u017cczyzny na przej\u015bciu dla pieszych. Do zdarzenia dosz\u0142o na ul. Pi\u0142sudskiego w Ostrowie Wlkp. 61-letni m\u0119\u017cczyzna trafi\u0142 do ostrowskiego szpitala na oddzia\u0142 chirurgii.<\/strong><\/p>\n<p>Ze wst\u0119pnych ustale\u0144 wynika, \u017ce przed przej\u015bciem dla pieszych zatrzyma\u0142 si\u0119 jeden samoch\u00f3d osobowy. Tym samym umo\u017cliwi\u0142 przej\u015bcie m\u0119\u017cczy\u017anie. 61-letni m\u0119\u017cczyzna po mini\u0119ciu pierwszego auta, zosta\u0142 potr\u0105cony przez Toyot\u0119 jad\u0105c\u0105 z przeciwka. Poszkodowany uderzy\u0142 korpusem cia\u0142a w mask\u0119 auta, a g\u0142ow\u0105 roztrzaska\u0142 przedni\u0105 szyb\u0119. Spowodowa\u0142o to u niego uraz g\u0142owy, a zw\u0142aszcza oczodo\u0142u.<\/p>\n<div id='gallery-1' class='gallery galleryid-4902 gallery-columns-3 gallery-size-thumbnail'><figure class='gallery-item'>\n\t\t\t<div class='gallery-icon landscape'>\n\t\t\t\t<a href='https:\/\/ostrowskatv.pl\/?attachment_id=4903'><img loading=\"lazy\" decoding=\"async\" width=\"150\" height=\"150\" src=\"https:\/\/ostrowskatv.pl\/wp-content\/uploads\/2017\/10\/pilsudskiego-150x150.jpg\" class=\"attachment-thumbnail size-thumbnail\" alt=\"\" \/><\/a>\n\t\t\t<\/div><\/figure>\n\t\t<\/div>\n\n","protected":false},"excerpt":{"rendered":"Wczoraj ko\u0142o Stadionu Miejskiego dosz\u0142o do potr\u0105cenia m\u0119\u017cczyzny na przej\u015bciu dla pieszych. Do zdarzenia dosz\u0142o na ul. Pi\u0142sudskiego w Ostrowie Wlkp. 61-letni m\u0119\u017cczyzna \n<a class=\"moretag\" href=\"https:\/\/ostrowskatv.pl\/?p=4902\"> [...]<\/a>","protected":false},"author":1,"featured_media":4903,"comment_status":"open","ping_status":"open","sticky":false,"template":"","format":"standard","meta":{"footnotes":""},"categories":[1],"tags":[2],"class_list":["post-4902","post","type-post","status-publish","format-standard","has-post-thumbnail","hentry","category-news","tag-ostrow-wielkopolski"],"_links":{"self":[{"href":"https:\/\/ostrowskatv.pl\/index.php?rest_route=\/wp\/v2\/posts\/4902","targetHints":{"allow":["GET"]}}],"collection":[{"href":"https:\/\/ostrowskatv.pl\/index.php?rest_route=\/wp\/v2\/posts"}],"about":[{"href":"https:\/\/ostrowskatv.pl\/index.php?rest_route=\/wp\/v2\/types\/post"}],"author":[{"embeddable":true,"href":"https:\/\/ostrowskatv.pl\/index.php?rest_route=\/wp\/v2\/users\/1"}],"replies":[{"embeddable":true,"href":"https:\/\/ostrowskatv.pl\/index.php?rest_route=%2Fwp%2Fv2%2Fcomments&post=4902"}],"version-history":[{"count":0,"href":"https:\/\/ostrowskatv.pl\/index.php?rest_route=\/wp\/v2\/posts\/4902\/revisions"}],"wp:featuredmedia":[{"embeddable":true,"href":"https:\/\/ostrowskatv.pl\/index.php?rest_route=\/wp\/v2\/media\/4903"}],"wp:attachment":[{"href":"https:\/\/ostrowskatv.pl\/index.php?rest_route=%2Fwp%2Fv2%2Fmedia&parent=4902"}],"wp:term":[{"taxonomy":"category","embeddable":true,"href":"https:\/\/ostrowskatv.pl\/index.php?rest_route=%2Fwp%2Fv2%2Fcategories&post=4902"},{"taxonomy":"post_tag","embeddable":true,"href":"https:\/\/ostrowskatv.pl\/index.php?rest_route=%2Fwp%2Fv2%2Ftags&post=4902"}],"curies":[{"name":"wp","href":"https:\/\/api.w.org\/{rel}","templated":true}]}}