{"id":49,"date":"2015-12-22T16:15:26","date_gmt":"2015-12-22T15:15:26","guid":{"rendered":"http:\/\/ostrowska.tv\/?p=49"},"modified":"2015-12-22T16:34:27","modified_gmt":"2015-12-22T15:34:27","slug":"dwa-potracenia-przez-tir-a","status":"publish","type":"post","link":"https:\/\/ostrowskatv.pl\/?p=49","title":{"rendered":"Dwa potr\u0105cenia przez TIR-a"},"content":{"rendered":"<p><strong>Do dw\u00f3ch powa\u017cnych wypadk\u00f3w dosz\u0142o w przed\u015bwi\u0105teczny wtorek na drogach powiatu ostrowskiego. W obydw\u00f3ch przypadkach ofiary zosta\u0142y przejechane przez ci\u0119\u017ckie samochody ci\u0119\u017carowe typy TIR. W pierwszym przypadku kobieta zmar\u0142a na miejscu, a w drugim m\u0142ody m\u0119\u017cczyzna w stanie ci\u0119\u017ckim trafi\u0142 do szpitala.<\/strong><\/p>\n<p>Pierwsza tragedia rozegra\u0142a si\u0119 we wsi Warszty na drodze krajowej nr 36 \u0142\u0105cz\u0105cej Ostr\u00f3w Wlkp. i Krotoszyn. Ze wst\u0119pnych ustale\u0144 wynika, \u017ce o godzinie 5:00 rano kraw\u0119dzi\u0105 jezdni sz\u0142a 43-letnie kobieta &#8211; mieszkanka powiatu ostrowskiego. By\u0142o ciemno i prawdopodobnie nie posiada\u0142a odblask\u00f3w.\u00a0 Kierowca ci\u0119\u017carowego Mercedesa wioz\u0105cego \u015bci\u0119te drzewa nie dostrzeg\u0142 w por\u0119 kobiety i przejecha\u0142 j\u0105 wszystkimi ko\u0142ami.<\/p>\n<p>Kobieta nie mia\u0142a \u017cadnych szans na prze\u017cycie. Jej cia\u0142o zosta\u0142o zmasakrowane, a wn\u0119trzno\u015bci znajdowa\u0142y si\u0119 kilka metr\u00f3w dalej. 41-letni mieszkaniec powiatu jaroci\u0144skiego &#8211; kierowca ci\u0119\u017car\u00f3wki by\u0142 trze\u017awy.<\/p>\n<div id='gallery-1' class='gallery galleryid-49 gallery-columns-3 gallery-size-thumbnail'><figure class='gallery-item'>\n\t\t\t<div class='gallery-icon landscape'>\n\t\t\t\t<a href='https:\/\/ostrowskatv.pl\/?attachment_id=53'><img loading=\"lazy\" decoding=\"async\" width=\"150\" height=\"150\" src=\"https:\/\/ostrowskatv.pl\/wp-content\/uploads\/2015\/12\/warszty5-150x150.jpg\" class=\"attachment-thumbnail size-thumbnail\" alt=\"\" \/><\/a>\n\t\t\t<\/div><\/figure><figure class='gallery-item'>\n\t\t\t<div class='gallery-icon landscape'>\n\t\t\t\t<a href='https:\/\/ostrowskatv.pl\/?attachment_id=54'><img loading=\"lazy\" decoding=\"async\" width=\"150\" height=\"150\" src=\"https:\/\/ostrowskatv.pl\/wp-content\/uploads\/2015\/12\/warszty6-150x150.jpg\" class=\"attachment-thumbnail size-thumbnail\" alt=\"\" \/><\/a>\n\t\t\t<\/div><\/figure><figure class='gallery-item'>\n\t\t\t<div class='gallery-icon landscape'>\n\t\t\t\t<a href='https:\/\/ostrowskatv.pl\/?attachment_id=51'><img loading=\"lazy\" decoding=\"async\" width=\"150\" height=\"150\" src=\"https:\/\/ostrowskatv.pl\/wp-content\/uploads\/2015\/12\/warszty3-150x150.jpg\" class=\"attachment-thumbnail size-thumbnail\" alt=\"\" \/><\/a>\n\t\t\t<\/div><\/figure><figure class='gallery-item'>\n\t\t\t<div class='gallery-icon landscape'>\n\t\t\t\t<a href='https:\/\/ostrowskatv.pl\/?attachment_id=52'><img loading=\"lazy\" decoding=\"async\" width=\"150\" height=\"150\" src=\"https:\/\/ostrowskatv.pl\/wp-content\/uploads\/2015\/12\/warszty4-150x150.jpg\" class=\"attachment-thumbnail size-thumbnail\" alt=\"\" \/><\/a>\n\t\t\t<\/div><\/figure><figure class='gallery-item'>\n\t\t\t<div class='gallery-icon landscape'>\n\t\t\t\t<a href='https:\/\/ostrowskatv.pl\/?attachment_id=55'><img loading=\"lazy\" decoding=\"async\" width=\"150\" height=\"150\" src=\"https:\/\/ostrowskatv.pl\/wp-content\/uploads\/2015\/12\/warszty7-150x150.jpg\" class=\"attachment-thumbnail size-thumbnail\" alt=\"\" \/><\/a>\n\t\t\t<\/div><\/figure><figure class='gallery-item'>\n\t\t\t<div class='gallery-icon landscape'>\n\t\t\t\t<a href='https:\/\/ostrowskatv.pl\/?attachment_id=50'><img loading=\"lazy\" decoding=\"async\" width=\"150\" height=\"150\" src=\"https:\/\/ostrowskatv.pl\/wp-content\/uploads\/2015\/12\/warszty2-150x150.jpg\" class=\"attachment-thumbnail size-thumbnail\" alt=\"\" \/><\/a>\n\t\t\t<\/div><\/figure>\n\t\t<\/div>\n\n<p>Druga tragedia rozegra\u0142a si\u0119 przy wiadukcie krotoszy\u0144skim w Ostrowie Wlkp. Wed\u0142ug relacji \u015bwiadk\u00f3w, m\u0142ody m\u0119\u017cczyzna mia\u0142 przechodzi\u0107 w odleg\u0142o\u015bci 10-15 metr\u00f3w przed przej\u015bciem dla pieszych. Akurat na jego drodze stan\u0105\u0142 ci\u0119\u017carowy MAN sk\u0142adaj\u0105cy si\u0119 z g\u0142\u00f3wnego sk\u0142adu i przyczepy. Pieszy postanowi\u0142 przej\u015b\u0107 pomi\u0119dzy dwie cz\u0119\u015bciami. TIR ruszy\u0142 i m\u0142odzieniec dosta\u0142 si\u0119 pod ko\u0142a. Jedno z nich zablokowa\u0142o si\u0119, dzi\u0119ki czemu zosta\u0142 \u015blad, kt\u00f3ry pomo\u017ce policjantom ustali\u0107 okoliczno\u015bci wypadku.<\/p>\n<p>Gdy kierowca ci\u0119\u017carowego MAN-a zorientowa\u0142 si\u0119 w sytuacji, cia\u0142o m\u0142odego m\u0119\u017cczyzny by\u0142o uwi\u0119zione pod ko\u0142em. Kierowca wycofa\u0142, dzi\u0119ki czemu medycy mogli w\u0142o\u017cy\u0107 go na nosze i natychmiast odjecha\u0107 do szpitala, gdzie zapewne trafi\u0142 na st\u00f3\u0142 operacyjny. \u015awiadkowie m\u00f3wili, \u017ce mia\u0142 mocne deformacje cia\u0142a w okolicach miednicy.<\/p>\n<p>AKTUALIZACJA: 16:30<\/p>\n<p>Poszkodowany to 17-latek. Wed\u0142ug wst\u0119pnej diagnostyki medycznej dozna\u0142 urazu zmia\u017cd\u017ceniowego miednicy i urazu lewego uda. Obecnie przechodzi dok\u0142adn\u0105 diagnostyk\u0119 w postaci tomografu komputerowego. Na podstawie wynik\u00f3w zapadnie decyzja o najpilniejszych operacjach. <\/p>\n<div id='gallery-2' class='gallery galleryid-49 gallery-columns-3 gallery-size-thumbnail'><figure class='gallery-item'>\n\t\t\t<div class='gallery-icon landscape'>\n\t\t\t\t<a href='https:\/\/ostrowskatv.pl\/?attachment_id=56'><img loading=\"lazy\" decoding=\"async\" width=\"150\" height=\"150\" src=\"https:\/\/ostrowskatv.pl\/wp-content\/uploads\/2015\/12\/potracenie-wiadukt-150x150.jpg\" class=\"attachment-thumbnail size-thumbnail\" alt=\"\" \/><\/a>\n\t\t\t<\/div><\/figure><figure class='gallery-item'>\n\t\t\t<div class='gallery-icon landscape'>\n\t\t\t\t<a href='https:\/\/ostrowskatv.pl\/?attachment_id=57'><img loading=\"lazy\" decoding=\"async\" width=\"150\" height=\"150\" src=\"https:\/\/ostrowskatv.pl\/wp-content\/uploads\/2015\/12\/potracenie-wiadukt3-150x150.jpg\" class=\"attachment-thumbnail size-thumbnail\" alt=\"\" \/><\/a>\n\t\t\t<\/div><\/figure><figure class='gallery-item'>\n\t\t\t<div class='gallery-icon portrait'>\n\t\t\t\t<a href='https:\/\/ostrowskatv.pl\/?attachment_id=58'><img loading=\"lazy\" decoding=\"async\" width=\"150\" height=\"150\" src=\"https:\/\/ostrowskatv.pl\/wp-content\/uploads\/2015\/12\/potracenie-wiadukt4-150x150.jpg\" class=\"attachment-thumbnail size-thumbnail\" alt=\"\" \/><\/a>\n\t\t\t<\/div><\/figure><figure class='gallery-item'>\n\t\t\t<div class='gallery-icon portrait'>\n\t\t\t\t<a href='https:\/\/ostrowskatv.pl\/?attachment_id=59'><img loading=\"lazy\" decoding=\"async\" width=\"150\" height=\"150\" src=\"https:\/\/ostrowskatv.pl\/wp-content\/uploads\/2015\/12\/potracenie-wiadukt5-150x150.jpg\" class=\"attachment-thumbnail size-thumbnail\" alt=\"\" \/><\/a>\n\t\t\t<\/div><\/figure>\n\t\t<\/div>\n\n<p>Okoliczno\u015bci i przyczyny \u015bmiertelnego wypadk\u00f3w ustala ostrowska policja pod nadzorem prokuratury.<\/p>\n","protected":false},"excerpt":{"rendered":"Do dw\u00f3ch powa\u017cnych wypadk\u00f3w dosz\u0142o w przed\u015bwi\u0105teczny wtorek na drogach powiatu ostrowskiego. W obydw\u00f3ch przypadkach ofiary zosta\u0142y przejechane przez ci\u0119\u017ckie samochody ci\u0119\u017carowe typy \n<a class=\"moretag\" href=\"https:\/\/ostrowskatv.pl\/?p=49\"> [...]<\/a>","protected":false},"author":1,"featured_media":56,"comment_status":"open","ping_status":"open","sticky":false,"template":"","format":"standard","meta":{"footnotes":""},"categories":[1],"tags":[12,11],"class_list":["post-49","post","type-post","status-publish","format-standard","has-post-thumbnail","hentry","category-news","tag-smierc","tag-wypadek"],"_links":{"self":[{"href":"https:\/\/ostrowskatv.pl\/index.php?rest_route=\/wp\/v2\/posts\/49","targetHints":{"allow":["GET"]}}],"collection":[{"href":"https:\/\/ostrowskatv.pl\/index.php?rest_route=\/wp\/v2\/posts"}],"about":[{"href":"https:\/\/ostrowskatv.pl\/index.php?rest_route=\/wp\/v2\/types\/post"}],"author":[{"embeddable":true,"href":"https:\/\/ostrowskatv.pl\/index.php?rest_route=\/wp\/v2\/users\/1"}],"replies":[{"embeddable":true,"href":"https:\/\/ostrowskatv.pl\/index.php?rest_route=%2Fwp%2Fv2%2Fcomments&post=49"}],"version-history":[{"count":0,"href":"https:\/\/ostrowskatv.pl\/index.php?rest_route=\/wp\/v2\/posts\/49\/revisions"}],"wp:featuredmedia":[{"embeddable":true,"href":"https:\/\/ostrowskatv.pl\/index.php?rest_route=\/wp\/v2\/media\/56"}],"wp:attachment":[{"href":"https:\/\/ostrowskatv.pl\/index.php?rest_route=%2Fwp%2Fv2%2Fmedia&parent=49"}],"wp:term":[{"taxonomy":"category","embeddable":true,"href":"https:\/\/ostrowskatv.pl\/index.php?rest_route=%2Fwp%2Fv2%2Fcategories&post=49"},{"taxonomy":"post_tag","embeddable":true,"href":"https:\/\/ostrowskatv.pl\/index.php?rest_route=%2Fwp%2Fv2%2Ftags&post=49"}],"curies":[{"name":"wp","href":"https:\/\/api.w.org\/{rel}","templated":true}]}}