{"id":4890,"date":"2017-10-01T15:58:43","date_gmt":"2017-10-01T14:58:43","guid":{"rendered":"http:\/\/ostrowska.tv\/?p=4890"},"modified":"2017-10-01T15:58:43","modified_gmt":"2017-10-01T14:58:43","slug":"zderzenie-w-fabianowie-renault-i-citroen","status":"publish","type":"post","link":"https:\/\/ostrowskatv.pl\/?p=4890","title":{"rendered":"Zderzenie w Fabianowie. Renault i Citroen"},"content":{"rendered":"<p><strong>Po godzinie 15:00 dosz\u0142o do zderzenia dw\u00f3ch osob\u00f3wek. Na drodze krajowej nr 25 w miejscowo\u015bci Fabian\u00f3w mia\u0142a miejsce powa\u017cna kolizja. Kierowca z Citroena Xsary chc\u0105c skr\u0119ci\u0107 na stacj\u0119 paliw BP nie ust\u0105pi\u0142 pierwsze\u0144stwa i doprowadzi\u0142 do czo\u0142owego zderzenia z Renault Lagun\u0105 jad\u0105c\u0105 w stron\u0119 Ostrowa Wlkp. Trudno m\u00f3wi\u0107 o o\u015blepieniu, poniewa\u017c sprawca jecha\u0142 ze s\u0142o\u0144cem. Jedna z kobiet uskar\u017ca\u0142a si\u0119 na b\u00f3l w klatce piersiowej, a wybuch poduszki powietrznej po\u0142ama\u0142 jej okulary. Na szcz\u0119\u015bcie zako\u0144czy\u0142o si\u0119 na niegro\u017anych obra\u017ceniach. Sprawc\u0119, kt\u00f3ry by\u0142 trze\u017awy, ukarano mandatem karnym.<\/strong><\/p>\n<div id='gallery-1' class='gallery galleryid-4890 gallery-columns-3 gallery-size-thumbnail'><figure class='gallery-item'>\n\t\t\t<div class='gallery-icon landscape'>\n\t\t\t\t<a href='https:\/\/ostrowskatv.pl\/?attachment_id=4891'><img loading=\"lazy\" decoding=\"async\" width=\"150\" height=\"150\" src=\"https:\/\/ostrowskatv.pl\/wp-content\/uploads\/2017\/10\/20171001_153206-150x150.jpg\" class=\"attachment-thumbnail size-thumbnail\" alt=\"\" \/><\/a>\n\t\t\t<\/div><\/figure><figure class='gallery-item'>\n\t\t\t<div class='gallery-icon landscape'>\n\t\t\t\t<a href='https:\/\/ostrowskatv.pl\/?attachment_id=4892'><img loading=\"lazy\" decoding=\"async\" width=\"150\" height=\"150\" src=\"https:\/\/ostrowskatv.pl\/wp-content\/uploads\/2017\/10\/20171001_153212-150x150.jpg\" class=\"attachment-thumbnail size-thumbnail\" alt=\"\" \/><\/a>\n\t\t\t<\/div><\/figure><figure class='gallery-item'>\n\t\t\t<div class='gallery-icon landscape'>\n\t\t\t\t<a href='https:\/\/ostrowskatv.pl\/?attachment_id=4893'><img loading=\"lazy\" decoding=\"async\" width=\"150\" height=\"150\" src=\"https:\/\/ostrowskatv.pl\/wp-content\/uploads\/2017\/10\/20171001_154237-150x150.jpg\" class=\"attachment-thumbnail size-thumbnail\" alt=\"\" \/><\/a>\n\t\t\t<\/div><\/figure>\n\t\t<\/div>\n\n","protected":false},"excerpt":{"rendered":"Po godzinie 15:00 dosz\u0142o do zderzenia dw\u00f3ch osob\u00f3wek. Na drodze krajowej nr 25 w miejscowo\u015bci Fabian\u00f3w mia\u0142a miejsce powa\u017cna kolizja. Kierowca z Citroena \n<a class=\"moretag\" href=\"https:\/\/ostrowskatv.pl\/?p=4890\"> [...]<\/a>","protected":false},"author":1,"featured_media":4891,"comment_status":"open","ping_status":"open","sticky":false,"template":"","format":"standard","meta":{"footnotes":""},"categories":[1],"tags":[106],"class_list":["post-4890","post","type-post","status-publish","format-standard","has-post-thumbnail","hentry","category-news","tag-fabianow"],"_links":{"self":[{"href":"https:\/\/ostrowskatv.pl\/index.php?rest_route=\/wp\/v2\/posts\/4890","targetHints":{"allow":["GET"]}}],"collection":[{"href":"https:\/\/ostrowskatv.pl\/index.php?rest_route=\/wp\/v2\/posts"}],"about":[{"href":"https:\/\/ostrowskatv.pl\/index.php?rest_route=\/wp\/v2\/types\/post"}],"author":[{"embeddable":true,"href":"https:\/\/ostrowskatv.pl\/index.php?rest_route=\/wp\/v2\/users\/1"}],"replies":[{"embeddable":true,"href":"https:\/\/ostrowskatv.pl\/index.php?rest_route=%2Fwp%2Fv2%2Fcomments&post=4890"}],"version-history":[{"count":0,"href":"https:\/\/ostrowskatv.pl\/index.php?rest_route=\/wp\/v2\/posts\/4890\/revisions"}],"wp:featuredmedia":[{"embeddable":true,"href":"https:\/\/ostrowskatv.pl\/index.php?rest_route=\/wp\/v2\/media\/4891"}],"wp:attachment":[{"href":"https:\/\/ostrowskatv.pl\/index.php?rest_route=%2Fwp%2Fv2%2Fmedia&parent=4890"}],"wp:term":[{"taxonomy":"category","embeddable":true,"href":"https:\/\/ostrowskatv.pl\/index.php?rest_route=%2Fwp%2Fv2%2Fcategories&post=4890"},{"taxonomy":"post_tag","embeddable":true,"href":"https:\/\/ostrowskatv.pl\/index.php?rest_route=%2Fwp%2Fv2%2Ftags&post=4890"}],"curies":[{"name":"wp","href":"https:\/\/api.w.org\/{rel}","templated":true}]}}