{"id":489,"date":"2016-03-02T10:13:36","date_gmt":"2016-03-02T09:13:36","guid":{"rendered":"http:\/\/ostrowska.tv\/?p=489"},"modified":"2016-03-02T10:13:36","modified_gmt":"2016-03-02T09:13:36","slug":"wypadkowy-1-marca","status":"publish","type":"post","link":"https:\/\/ostrowskatv.pl\/?p=489","title":{"rendered":"Wypadkowy 1 marca"},"content":{"rendered":"<p><strong>1 marca 2016 r. zapisa\u0142 si\u0119 jako wypadkowy dzie\u0144. Zalegaj\u0105ce na jezdni b\u0142oto po\u015bniegowe przyczyni\u0142o si\u0119 do szeregu zdarze\u0144 drogowych. Przyczyn\u0105 by\u0142a brawura, nieostro\u017cno\u015b\u0107 i alkohol&#8230;<\/strong><\/p>\n<p>O godz 6:55 dosz\u0142o do zderzenie dw\u00f3ch samochod\u00f3w osobowych w Przybys\u0142awicach gm. Raszk\u00f3w. Ze wst\u0119pnych ustale\u0144 policji wynika, \u017ce kieruj\u0105cy samochodem VW Passatem zacz\u0105\u0142 manewr wyprzedzania szeregu aut.\u00a0<span class=\"text_exposed_show\"> Gdy by\u0142 na wysoko\u015bci Golfa , ten zacz\u0105\u0142 skr\u0119ca\u0107 na poblisk\u0105 posesj\u0119. W wyniku zderzenia Passat przejecha\u0142 przez r\u00f3w, staranowa\u0142 pobliski p\u0142ot i uderzy\u0142 w tuje. W tym zdarzeniu nikt nie ucierpia\u0142. (kliknij na zdj\u0119cia, \u017ceby powi\u0119kszy\u0107)<br \/>\n<\/span><\/p>\n<p><img loading=\"lazy\" decoding=\"async\" class=\"alignnone size-medium wp-image-504\" title=\"\" src=\"http:\/\/ostrowska.tv\/wp-content\/uploads\/2016\/03\/2016-03-01-090619-300x225.jpg\" alt=\"2016-03-01-090619\" width=\"300\" height=\"225\" srcset=\"https:\/\/ostrowskatv.pl\/wp-content\/uploads\/2016\/03\/2016-03-01-090619-300x225.jpg 300w, https:\/\/ostrowskatv.pl\/wp-content\/uploads\/2016\/03\/2016-03-01-090619-480x360.jpg 480w, https:\/\/ostrowskatv.pl\/wp-content\/uploads\/2016\/03\/2016-03-01-090619.jpg 800w\" sizes=\"auto, (max-width: 300px) 100vw, 300px\" \/> <img loading=\"lazy\" decoding=\"async\" class=\"alignnone size-medium wp-image-505\" title=\"\" src=\"http:\/\/ostrowska.tv\/wp-content\/uploads\/2016\/03\/2016-03-01-090638-300x225.jpg\" alt=\"2016-03-01-090638\" width=\"300\" height=\"225\" srcset=\"https:\/\/ostrowskatv.pl\/wp-content\/uploads\/2016\/03\/2016-03-01-090638-300x225.jpg 300w, https:\/\/ostrowskatv.pl\/wp-content\/uploads\/2016\/03\/2016-03-01-090638-480x360.jpg 480w, https:\/\/ostrowskatv.pl\/wp-content\/uploads\/2016\/03\/2016-03-01-090638.jpg 858w\" sizes=\"auto, (max-width: 300px) 100vw, 300px\" \/><\/p>\n<p>Po godzinie 12:00 kierowca Mercedesa uderzy\u0142 w ty\u0142 naczepy TIR-a. Do sytuacji dosz\u0142o na ul. Krotoszy\u0144skiej w Ostrowie Wlkp. I cho\u0107 sama kolizja nie by\u0142a czym\u015b niezwyk\u0142ym, to dalszy przebieg zdarze\u0144 ju\u017c tak. \u015awiadkowie zderzenia podbiegli do rozbitego Mercedesa. Gdy otworzyli drzwi, w \u015brodku siedzia\u0142 dojrza\u0142y wiekiem m\u0119\u017cczyzna, kt\u00f3ry po ockni\u0119ciu si\u0119, postanowi\u0142 jecha\u0107 dalej. Zdaniem \u015bwiadk\u00f3w, odpali\u0142 auto i dodawa\u0142 gazu, co powodowa\u0142o pojawienie si\u0119 dymu. Kto\u015b z interweniuj\u0105cych ostrowian wyci\u0105gn\u0105\u0142 kluczyki i uniemo\u017cliwi\u0142 ucieczk\u0119 z miejsca kolizji.<\/p>\n<p>Po tym jak na miejsce przyjecha\u0142 patrol drog\u00f3wki, rozegra\u0142 si\u0119 dalszy ci\u0105g nietypowe historii. Kierowca Mercedesa mia\u0142 charakterystyczn\u0105 plam\u0119 w kroku, sugeruj\u0105c\u0105 up\u0142yw moczu. Policjanci skuli sprawc\u0119 kolizji kajdankami. Ten jednak wykazywa\u0142 oznaki nadpobudliwo\u015bci. Nie s\u0142ucha\u0142 funkcjonariuszy policji, kt\u00f3rzy wielokrotnie prosili go o siedzenie w radiowozie i nie wstawanie. M\u0119\u017cczyzna najwyra\u017aniej chcia\u0142 sobie odej\u015b\u0107 jak gdyby nigdy nic. Opowiada\u0142, \u017ce kiedy\u015b by\u0142 zawodowym kierowcom. Wn\u0119trze jego osob\u00f3wki sugerowa\u0142o, \u017ce zamierza wyjecha\u0107 w dalsz\u0105 podr\u00f3\u017c. W samochodzie znajdowa\u0142a si\u0119 torba podr\u00f3\u017cna, du\u017cy zapas jedzenia oraz turystyczna butla z gazem.<\/p>\n<p>M\u0119\u017cczyzna nie chcia\u0142 dmuchn\u0105\u0107 w alkomat. Konieczne by\u0142o zawiezienie go na badanie krwi. Kierowca jest mieszka\u0144cem Aleksandrowa Kujawskiego, kt\u00f3ry znajduje si\u0119 oko\u0142o 180 km od Ostrowa Wlkp. Trudno stwierdzi\u0107 czy w stanie najprawdopodobniej upojenia alkoholowego przejecha\u0142 tak daleko, czy mo\u017ce zrobi\u0142 sobie suto zakrapiany post\u00f3j.<\/p>\n<div id='gallery-1' class='gallery galleryid-489 gallery-columns-3 gallery-size-thumbnail'><figure class='gallery-item'>\n\t\t\t<div class='gallery-icon landscape'>\n\t\t\t\t<a href='https:\/\/ostrowskatv.pl\/?attachment_id=490'><img loading=\"lazy\" decoding=\"async\" width=\"150\" height=\"150\" src=\"https:\/\/ostrowskatv.pl\/wp-content\/uploads\/2016\/03\/IMG_20160301_122411-150x150.jpg\" class=\"attachment-thumbnail size-thumbnail\" alt=\"\" \/><\/a>\n\t\t\t<\/div><\/figure><figure class='gallery-item'>\n\t\t\t<div class='gallery-icon landscape'>\n\t\t\t\t<a href='https:\/\/ostrowskatv.pl\/?attachment_id=491'><img loading=\"lazy\" decoding=\"async\" width=\"150\" height=\"150\" src=\"https:\/\/ostrowskatv.pl\/wp-content\/uploads\/2016\/03\/IMG_20160301_122421-150x150.jpg\" class=\"attachment-thumbnail size-thumbnail\" alt=\"\" \/><\/a>\n\t\t\t<\/div><\/figure><figure class='gallery-item'>\n\t\t\t<div class='gallery-icon landscape'>\n\t\t\t\t<a href='https:\/\/ostrowskatv.pl\/?attachment_id=492'><img loading=\"lazy\" decoding=\"async\" width=\"150\" height=\"150\" src=\"https:\/\/ostrowskatv.pl\/wp-content\/uploads\/2016\/03\/IMG_20160301_122435-150x150.jpg\" class=\"attachment-thumbnail size-thumbnail\" alt=\"\" \/><\/a>\n\t\t\t<\/div><\/figure><figure class='gallery-item'>\n\t\t\t<div class='gallery-icon landscape'>\n\t\t\t\t<a href='https:\/\/ostrowskatv.pl\/?attachment_id=493'><img loading=\"lazy\" decoding=\"async\" width=\"150\" height=\"150\" src=\"https:\/\/ostrowskatv.pl\/wp-content\/uploads\/2016\/03\/IMG_20160301_122444-150x150.jpg\" class=\"attachment-thumbnail size-thumbnail\" alt=\"\" \/><\/a>\n\t\t\t<\/div><\/figure><figure class='gallery-item'>\n\t\t\t<div class='gallery-icon landscape'>\n\t\t\t\t<a href='https:\/\/ostrowskatv.pl\/?attachment_id=494'><img loading=\"lazy\" decoding=\"async\" width=\"150\" height=\"150\" src=\"https:\/\/ostrowskatv.pl\/wp-content\/uploads\/2016\/03\/IMG_20160301_122500-150x150.jpg\" class=\"attachment-thumbnail size-thumbnail\" alt=\"\" \/><\/a>\n\t\t\t<\/div><\/figure>\n\t\t<\/div>\n\n<p>O godz. 14:00 zderzy\u0142y si\u0119 trzy auta przy galerii, na wylocie z Ostrowa na Kalisz. Ze wst\u0119pnych ustale\u0144 wynika, \u017ce kobieta kieruj\u0105ca VW Touranem nie ust\u0105pi\u0142a pierwsze\u0144stwa skr\u0119caj\u0105c w lewo w stron\u0119 galerii i doprowadzi\u0142a do zderzenia z samochodem dostawczym Fiat Ducato. Ten rykoszetem uderzy\u0142 w Forda Focusa. Do szpitala przewieziono kobiet\u0119 z Volkswagena znajduj\u0105c\u0105 si\u0119 w ci\u0105\u017cy, jednak badania nie wykry\u0142y zagro\u017cenia dla jej zdrowia lub jej p\u0142odu.<\/p>\n<div id='gallery-2' class='gallery galleryid-489 gallery-columns-3 gallery-size-thumbnail'><figure class='gallery-item'>\n\t\t\t<div class='gallery-icon landscape'>\n\t\t\t\t<a href='https:\/\/ostrowskatv.pl\/?attachment_id=495'><img loading=\"lazy\" decoding=\"async\" width=\"150\" height=\"150\" src=\"https:\/\/ostrowskatv.pl\/wp-content\/uploads\/2016\/03\/IMG_20160301_141834-150x150.jpg\" class=\"attachment-thumbnail size-thumbnail\" alt=\"\" \/><\/a>\n\t\t\t<\/div><\/figure><figure class='gallery-item'>\n\t\t\t<div class='gallery-icon landscape'>\n\t\t\t\t<a href='https:\/\/ostrowskatv.pl\/?attachment_id=496'><img loading=\"lazy\" decoding=\"async\" width=\"150\" height=\"150\" src=\"https:\/\/ostrowskatv.pl\/wp-content\/uploads\/2016\/03\/IMG_20160301_142735-150x150.jpg\" class=\"attachment-thumbnail size-thumbnail\" alt=\"\" \/><\/a>\n\t\t\t<\/div><\/figure><figure class='gallery-item'>\n\t\t\t<div class='gallery-icon landscape'>\n\t\t\t\t<a href='https:\/\/ostrowskatv.pl\/?attachment_id=497'><img loading=\"lazy\" decoding=\"async\" width=\"150\" height=\"150\" src=\"https:\/\/ostrowskatv.pl\/wp-content\/uploads\/2016\/03\/IMG_20160301_142745-150x150.jpg\" class=\"attachment-thumbnail size-thumbnail\" alt=\"\" \/><\/a>\n\t\t\t<\/div><\/figure>\n\t\t<\/div>\n\n<p>Na koniec dnia, tu\u017c przed p\u00f3\u0142nocn\u0105 dosz\u0142o do nietypowego wypadku busa. Volkswagen Transporter na odcinku Lamki-\u0141\u0105kociny, jad\u0105c w stron\u0119 Krotoszyna zjecha\u0142 na lewy pas drogi, wjecha\u0142 do rowu i uderzy\u0142 dachem w drzewo. W wyniku czego sta\u0142 si\u0119 &#8222;kabrioletem&#8221;. Bezpo\u015brednio po zdarzeniu panowa\u0142 chaos. Dw\u00f3ch m\u0119\u017cczyzn, kt\u00f3rych zastano na miejscu, twierdzili, \u017ce jecha\u0142 z nimi jeszcze jeden, kt\u00f3ry mia\u0142 zbiec z miejsca wypadku. Jednego z &#8222;pasa\u017cer\u00f3w&#8221; busa zabrano do szpitala, a drugi pozosta\u0142 na miejscu i trafi\u0142 w r\u0119ce policjant\u00f3w. Wydmucha\u0142 im ponad 2 promile. Funkcjonariusze ustal\u0105 faktyczny sk\u0142ad os\u00f3b podr\u00f3\u017cuj\u0105cych busem i wyci\u0105gn\u0105 przewidziane prawem konsekwencje.<\/p>\n<div id='gallery-3' class='gallery galleryid-489 gallery-columns-3 gallery-size-thumbnail'><figure class='gallery-item'>\n\t\t\t<div class='gallery-icon landscape'>\n\t\t\t\t<a href='https:\/\/ostrowskatv.pl\/?attachment_id=503'><img loading=\"lazy\" decoding=\"async\" width=\"150\" height=\"150\" src=\"https:\/\/ostrowskatv.pl\/wp-content\/uploads\/2016\/03\/IMG_20160302_000935-150x150.jpg\" class=\"attachment-thumbnail size-thumbnail\" alt=\"\" \/><\/a>\n\t\t\t<\/div><\/figure><figure class='gallery-item'>\n\t\t\t<div class='gallery-icon landscape'>\n\t\t\t\t<a href='https:\/\/ostrowskatv.pl\/?attachment_id=501'><img loading=\"lazy\" decoding=\"async\" width=\"150\" height=\"150\" src=\"https:\/\/ostrowskatv.pl\/wp-content\/uploads\/2016\/03\/IMG_20160302_000914-150x150.jpg\" class=\"attachment-thumbnail size-thumbnail\" alt=\"\" \/><\/a>\n\t\t\t<\/div><\/figure><figure class='gallery-item'>\n\t\t\t<div class='gallery-icon landscape'>\n\t\t\t\t<a href='https:\/\/ostrowskatv.pl\/?attachment_id=500'><img loading=\"lazy\" decoding=\"async\" width=\"150\" height=\"150\" src=\"https:\/\/ostrowskatv.pl\/wp-content\/uploads\/2016\/03\/IMG_20160302_000745-150x150.jpg\" class=\"attachment-thumbnail size-thumbnail\" alt=\"\" \/><\/a>\n\t\t\t<\/div><\/figure><figure class='gallery-item'>\n\t\t\t<div class='gallery-icon landscape'>\n\t\t\t\t<a href='https:\/\/ostrowskatv.pl\/?attachment_id=499'><img loading=\"lazy\" decoding=\"async\" width=\"150\" height=\"150\" src=\"https:\/\/ostrowskatv.pl\/wp-content\/uploads\/2016\/03\/IMG_20160302_000729-150x150.jpg\" class=\"attachment-thumbnail size-thumbnail\" alt=\"\" \/><\/a>\n\t\t\t<\/div><\/figure>\n\t\t<\/div>\n\n","protected":false},"excerpt":{"rendered":"1 marca 2016 r. zapisa\u0142 si\u0119 jako wypadkowy dzie\u0144. Zalegaj\u0105ce na jezdni b\u0142oto po\u015bniegowe przyczyni\u0142o si\u0119 do szeregu zdarze\u0144 drogowych. Przyczyn\u0105 by\u0142a brawura, \n<a class=\"moretag\" href=\"https:\/\/ostrowskatv.pl\/?p=489\"> [...]<\/a>","protected":false},"author":1,"featured_media":503,"comment_status":"open","ping_status":"open","sticky":false,"template":"","format":"standard","meta":{"footnotes":""},"categories":[1],"tags":[2,11],"class_list":["post-489","post","type-post","status-publish","format-standard","has-post-thumbnail","hentry","category-news","tag-ostrow-wielkopolski","tag-wypadek"],"_links":{"self":[{"href":"https:\/\/ostrowskatv.pl\/index.php?rest_route=\/wp\/v2\/posts\/489","targetHints":{"allow":["GET"]}}],"collection":[{"href":"https:\/\/ostrowskatv.pl\/index.php?rest_route=\/wp\/v2\/posts"}],"about":[{"href":"https:\/\/ostrowskatv.pl\/index.php?rest_route=\/wp\/v2\/types\/post"}],"author":[{"embeddable":true,"href":"https:\/\/ostrowskatv.pl\/index.php?rest_route=\/wp\/v2\/users\/1"}],"replies":[{"embeddable":true,"href":"https:\/\/ostrowskatv.pl\/index.php?rest_route=%2Fwp%2Fv2%2Fcomments&post=489"}],"version-history":[{"count":0,"href":"https:\/\/ostrowskatv.pl\/index.php?rest_route=\/wp\/v2\/posts\/489\/revisions"}],"wp:featuredmedia":[{"embeddable":true,"href":"https:\/\/ostrowskatv.pl\/index.php?rest_route=\/wp\/v2\/media\/503"}],"wp:attachment":[{"href":"https:\/\/ostrowskatv.pl\/index.php?rest_route=%2Fwp%2Fv2%2Fmedia&parent=489"}],"wp:term":[{"taxonomy":"category","embeddable":true,"href":"https:\/\/ostrowskatv.pl\/index.php?rest_route=%2Fwp%2Fv2%2Fcategories&post=489"},{"taxonomy":"post_tag","embeddable":true,"href":"https:\/\/ostrowskatv.pl\/index.php?rest_route=%2Fwp%2Fv2%2Ftags&post=489"}],"curies":[{"name":"wp","href":"https:\/\/api.w.org\/{rel}","templated":true}]}}