{"id":4811,"date":"2017-09-11T15:43:58","date_gmt":"2017-09-11T14:43:58","guid":{"rendered":"http:\/\/ostrowska.tv\/?p=4811"},"modified":"2017-09-11T15:43:58","modified_gmt":"2017-09-11T14:43:58","slug":"przez-cukrzyce-wjechal-do-rowu","status":"publish","type":"post","link":"https:\/\/ostrowskatv.pl\/?p=4811","title":{"rendered":"Przez cukrzyc\u0119 wjecha\u0142 do rowu?"},"content":{"rendered":"<p><strong>O sporym szcz\u0119\u015bciu mo\u017ce m\u00f3wi\u0107 65-letni m\u0119\u017cczyzna. W niedzielny wiecz\u00f3r jecha\u0142 Skod\u0105 Octavi\u0105 po drodze ko\u0142o miejscowo\u015bci Rososzyca. Nagle zjecha\u0142 do g\u0142\u0119bokiego rowu. Kierowca nie by\u0142 w stanie samodzielnie si\u0119 wydosta\u0107. Do akcji wkroczyli stra\u017cacy. Dzi\u0119ki nim uda\u0142o si\u0119 wyci\u0105gn\u0105\u0107 poszkodowanego.<\/strong><\/p>\n<p>Medycy po zbadaniu kierowcy nie stwierdzili powa\u017cniejszych obra\u017ce\u0144. Najbardziej prawdopodobn\u0105 przyczyn\u0105 by\u0142 atak cukrzycy. Tym razem oby\u0142o si\u0119 bez tragedii. Kierowca by\u0142 trze\u017awy.<\/p>\n<div id='gallery-1' class='gallery galleryid-4811 gallery-columns-3 gallery-size-thumbnail'><figure class='gallery-item'>\n\t\t\t<div class='gallery-icon landscape'>\n\t\t\t\t<a href='https:\/\/ostrowskatv.pl\/?attachment_id=4812'><img loading=\"lazy\" decoding=\"async\" width=\"150\" height=\"150\" src=\"https:\/\/ostrowskatv.pl\/wp-content\/uploads\/2017\/09\/IMG-20170910-150x150.jpg\" class=\"attachment-thumbnail size-thumbnail\" alt=\"\" \/><\/a>\n\t\t\t<\/div><\/figure><figure class='gallery-item'>\n\t\t\t<div class='gallery-icon portrait'>\n\t\t\t\t<a href='https:\/\/ostrowskatv.pl\/?attachment_id=4813'><img loading=\"lazy\" decoding=\"async\" width=\"150\" height=\"150\" src=\"https:\/\/ostrowskatv.pl\/wp-content\/uploads\/2017\/09\/IMG-20170910b-150x150.jpg\" class=\"attachment-thumbnail size-thumbnail\" alt=\"\" \/><\/a>\n\t\t\t<\/div><\/figure>\n\t\t<\/div>\n\n","protected":false},"excerpt":{"rendered":"O sporym szcz\u0119\u015bciu mo\u017ce m\u00f3wi\u0107 65-letni m\u0119\u017cczyzna. W niedzielny wiecz\u00f3r jecha\u0142 Skod\u0105 Octavi\u0105 po drodze ko\u0142o miejscowo\u015bci Rososzyca. Nagle zjecha\u0142 do g\u0142\u0119bokiego rowu. \n<a class=\"moretag\" href=\"https:\/\/ostrowskatv.pl\/?p=4811\"> [...]<\/a>","protected":false},"author":1,"featured_media":4812,"comment_status":"open","ping_status":"open","sticky":false,"template":"","format":"standard","meta":{"footnotes":""},"categories":[1],"tags":[132],"class_list":["post-4811","post","type-post","status-publish","format-standard","has-post-thumbnail","hentry","category-news","tag-rososzyca"],"_links":{"self":[{"href":"https:\/\/ostrowskatv.pl\/index.php?rest_route=\/wp\/v2\/posts\/4811","targetHints":{"allow":["GET"]}}],"collection":[{"href":"https:\/\/ostrowskatv.pl\/index.php?rest_route=\/wp\/v2\/posts"}],"about":[{"href":"https:\/\/ostrowskatv.pl\/index.php?rest_route=\/wp\/v2\/types\/post"}],"author":[{"embeddable":true,"href":"https:\/\/ostrowskatv.pl\/index.php?rest_route=\/wp\/v2\/users\/1"}],"replies":[{"embeddable":true,"href":"https:\/\/ostrowskatv.pl\/index.php?rest_route=%2Fwp%2Fv2%2Fcomments&post=4811"}],"version-history":[{"count":0,"href":"https:\/\/ostrowskatv.pl\/index.php?rest_route=\/wp\/v2\/posts\/4811\/revisions"}],"wp:featuredmedia":[{"embeddable":true,"href":"https:\/\/ostrowskatv.pl\/index.php?rest_route=\/wp\/v2\/media\/4812"}],"wp:attachment":[{"href":"https:\/\/ostrowskatv.pl\/index.php?rest_route=%2Fwp%2Fv2%2Fmedia&parent=4811"}],"wp:term":[{"taxonomy":"category","embeddable":true,"href":"https:\/\/ostrowskatv.pl\/index.php?rest_route=%2Fwp%2Fv2%2Fcategories&post=4811"},{"taxonomy":"post_tag","embeddable":true,"href":"https:\/\/ostrowskatv.pl\/index.php?rest_route=%2Fwp%2Fv2%2Ftags&post=4811"}],"curies":[{"name":"wp","href":"https:\/\/api.w.org\/{rel}","templated":true}]}}